{"id":177,"date":"2022-09-25T10:01:00","date_gmt":"2022-09-25T10:01:00","guid":{"rendered":"https:\/\/www.damjanveber.com\/?p=177"},"modified":"2022-10-08T10:04:25","modified_gmt":"2022-10-08T10:04:25","slug":"domaca-lazanja","status":"publish","type":"post","link":"https:\/\/www.damjanveber.com\/index.php\/2022\/09\/25\/domaca-lazanja\/","title":{"rendered":"Doma\u010da lazanja"},"content":{"rendered":"\n<p>De\u017e je, super dan za pole\u017eavanje. To s pridom izkoristim. Za kosilo pripravim lazanjo. Najprej pripravim be\u0161amel (mleko, moka, sol). Vmes pokuham fla\u0161irano meso z zeli\u0161\u010di. Lasanja se pripravi v 4 plastek meso, ba\u0161amel, sir in \u0161nita testa. Na koncu \u0161e v pe\u010dico za 45 minut.<\/p>\n","protected":false},"excerpt":{"rendered":"<p>De\u017e je, super dan za pole\u017eavanje. To s pridom izkoristim. Za kosilo pripravim lazanjo. Najprej pripravim be\u0161amel (mleko, moka, sol). Vmes pokuham fla\u0161irano meso z zeli\u0161\u010di. Lasanja se pripravi v 4 plastek meso, ba\u0161amel, sir in \u0161nita testa. Na koncu \u0161e v pe\u010dico za 45 minut.<\/p>\n","protected":false},"author":1,"featured_media":0,"comment_status":"open","ping_status":"open","sticky":false,"template":"","format":"standard","meta":{"om_disable_all_campaigns":false,"_monsterinsights_skip_tracking":false,"_monsterinsights_sitenote_active":false,"_monsterinsights_sitenote_note":"","_monsterinsights_sitenote_category":0,"_jetpack_memberships_contains_paid_content":false,"footnotes":"","jetpack_publicize_message":"","jetpack_publicize_feature_enabled":true,"jetpack_social_post_already_shared":false,"jetpack_social_options":{"image_generator_settings":{"template":"highway","default_image_id":0,"enabled":false},"version":2}},"categories":[11],"tags":[],"class_list":["post-177","post","type-post","status-publish","format-standard","hentry","category-recept-po-domac"],"aioseo_notices":[],"jetpack_publicize_connections":[],"jetpack_featured_media_url":"","jetpack-related-posts":[{"id":448,"url":"https:\/\/www.damjanveber.com\/index.php\/2022\/11\/19\/jastog-s-testeninami\/","url_meta":{"origin":177,"position":0},"title":"Jastog s testeninami","author":"admin","date":"19. novembra, 2022","format":false,"excerpt":"Danes bom za ve\u010derjo pripravil jastoga s testeninami. V Dino marketu imajo \u017eive v bazenu. Malce mi je nerodno, ker bo potrebno \u017eival ubiti, sam tako je. V marketu si ga dobesedno izbere\u0161 iz bazena, zapakirajo ti ga \u017eivega kar v folijo. Doma pripravim jastoga po slede\u010dem receptu: Jastoga najprej\u2026","rel":"","context":"In &quot;Recept po doma\u010d&quot;","block_context":{"text":"Recept po doma\u010d","link":"https:\/\/www.damjanveber.com\/index.php\/category\/recept-po-domac\/"},"img":{"alt_text":"","src":"https:\/\/i0.wp.com\/www.damjanveber.com\/wp-content\/uploads\/2022\/11\/IMG_2935-2-scaled.jpg?fit=900%2C1200&ssl=1&resize=350%2C200","width":350,"height":200,"srcset":"https:\/\/i0.wp.com\/www.damjanveber.com\/wp-content\/uploads\/2022\/11\/IMG_2935-2-scaled.jpg?fit=900%2C1200&ssl=1&resize=350%2C200 1x, https:\/\/i0.wp.com\/www.damjanveber.com\/wp-content\/uploads\/2022\/11\/IMG_2935-2-scaled.jpg?fit=900%2C1200&ssl=1&resize=525%2C300 1.5x, https:\/\/i0.wp.com\/www.damjanveber.com\/wp-content\/uploads\/2022\/11\/IMG_2935-2-scaled.jpg?fit=900%2C1200&ssl=1&resize=700%2C400 2x"},"classes":[]},{"id":328,"url":"https:\/\/www.damjanveber.com\/index.php\/2022\/10\/20\/ingver-juha-za-odpornost\/","url_meta":{"origin":177,"position":1},"title":"Ingver juha za odpornost","author":"admin","date":"20. oktobra, 2022","format":false,"excerpt":"Drugi dan le\u017eanja v postelji. Da bi hitrej k seb pri\u0161u pri\u010dnem s tableti Coldrex. Pripravim pa si tudi Ingver juhco za odpornost po receptu iz Okusno.je. Tako je dobra, da jo bom \u0161e kdaj pripravil namesto klasi\u010dne goveje \u017eupe. Spominja me na na\u0161 kari iz Shambale, ker vsebuje kokosovo\u2026","rel":"","context":"In &quot;Kar tako&quot;","block_context":{"text":"Kar tako","link":"https:\/\/www.damjanveber.com\/index.php\/category\/kar-tako\/"},"img":{"alt_text":"","src":"https:\/\/i0.wp.com\/www.damjanveber.com\/wp-content\/uploads\/2022\/10\/img_2663.jpg?fit=650%2C520&ssl=1&resize=350%2C200","width":350,"height":200,"srcset":"https:\/\/i0.wp.com\/www.damjanveber.com\/wp-content\/uploads\/2022\/10\/img_2663.jpg?fit=650%2C520&ssl=1&resize=350%2C200 1x, https:\/\/i0.wp.com\/www.damjanveber.com\/wp-content\/uploads\/2022\/10\/img_2663.jpg?fit=650%2C520&ssl=1&resize=525%2C300 1.5x"},"classes":[]},{"id":92,"url":"https:\/\/www.damjanveber.com\/index.php\/2022\/09\/16\/92\/","url_meta":{"origin":177,"position":2},"title":"\u017durka, prjatu ima 40","author":"admin","date":"16. septembra, 2022","format":false,"excerpt":"Ne vem, \u010de bi sploh \u0161el v slu\u017ebo. Sploh nisem ni\u010d spal, tale Sanja me razjeda.\u00a0 Razmi\u0161ljam in se nazadnje odlo\u010dim, NE, ne bom vrgel pu\u0161ke v koruzo tako hitro. Pripravim se scenarij kaj ji bom povedal, ko me naslednju\u010d napade.\u00a0 V slu\u017ebi jo ignoriram in delam svojo delo. Obrnem\u2026","rel":"","context":"In &quot;Kar tako&quot;","block_context":{"text":"Kar tako","link":"https:\/\/www.damjanveber.com\/index.php\/category\/kar-tako\/"},"img":{"alt_text":"","src":"https:\/\/i0.wp.com\/www.damjanveber.com\/wp-content\/uploads\/2022\/09\/47A77F4B-4A37-494C-95FA-F4A30FBF3562-scaled.jpeg?fit=900%2C1200&ssl=1&resize=350%2C200","width":350,"height":200,"srcset":"https:\/\/i0.wp.com\/www.damjanveber.com\/wp-content\/uploads\/2022\/09\/47A77F4B-4A37-494C-95FA-F4A30FBF3562-scaled.jpeg?fit=900%2C1200&ssl=1&resize=350%2C200 1x, https:\/\/i0.wp.com\/www.damjanveber.com\/wp-content\/uploads\/2022\/09\/47A77F4B-4A37-494C-95FA-F4A30FBF3562-scaled.jpeg?fit=900%2C1200&ssl=1&resize=525%2C300 1.5x, https:\/\/i0.wp.com\/www.damjanveber.com\/wp-content\/uploads\/2022\/09\/47A77F4B-4A37-494C-95FA-F4A30FBF3562-scaled.jpeg?fit=900%2C1200&ssl=1&resize=700%2C400 2x"},"classes":[]},{"id":274,"url":"https:\/\/www.damjanveber.com\/index.php\/2022\/10\/12\/melone-na-sto-in-en-nacin\/","url_meta":{"origin":177,"position":3},"title":"Melone na sto in en na\u010din","author":"admin","date":"12. oktobra, 2022","format":false,"excerpt":"V kuhinji pripravljamo za TR (teden restavracij). Zadol\u017eijo me za melone, ki bodo pri nas kot dodatek pri hrbtu divjega pra\u0161i\u010da v azijsko navdihnjeni marinadi z melono in pasijonkino polento. Da ne re\u010dem kolk kg melon sem obrnil. Ker je ostanka pri teh melonah res veliko, sem pripravil \u0161e mix\u2026","rel":"","context":"In &quot;Ideja&quot;","block_context":{"text":"Ideja","link":"https:\/\/www.damjanveber.com\/index.php\/category\/ideja\/"},"img":{"alt_text":"","src":"https:\/\/i0.wp.com\/www.damjanveber.com\/wp-content\/uploads\/2022\/10\/img_2587-scaled.jpg?fit=1200%2C900&ssl=1&resize=350%2C200","width":350,"height":200,"srcset":"https:\/\/i0.wp.com\/www.damjanveber.com\/wp-content\/uploads\/2022\/10\/img_2587-scaled.jpg?fit=1200%2C900&ssl=1&resize=350%2C200 1x, https:\/\/i0.wp.com\/www.damjanveber.com\/wp-content\/uploads\/2022\/10\/img_2587-scaled.jpg?fit=1200%2C900&ssl=1&resize=525%2C300 1.5x, https:\/\/i0.wp.com\/www.damjanveber.com\/wp-content\/uploads\/2022\/10\/img_2587-scaled.jpg?fit=1200%2C900&ssl=1&resize=700%2C400 2x, https:\/\/i0.wp.com\/www.damjanveber.com\/wp-content\/uploads\/2022\/10\/img_2587-scaled.jpg?fit=1200%2C900&ssl=1&resize=1050%2C600 3x"},"classes":[]},{"id":355,"url":"https:\/\/www.damjanveber.com\/index.php\/2022\/10\/26\/pa-sem-nazaj\/","url_meta":{"origin":177,"position":4},"title":"Pa sem nazaj","author":"admin","date":"26. oktobra, 2022","format":false,"excerpt":"Zve\u010der imava z \u017eeno ve\u010derjo. Pripravim ji file brancina s pirejem od koren\u010dka, \u010debule, \u010desna in \u0161e vrsto drugih zeli\u0161\u010d. Na njeno pobudo dodam \u0161e zeleni kari iz vre\u010dke..in to me je pokopalo. Pire je bil tak pikanten, da sem celo no\u010d na sekret hodu. Druga\u010de pa sva se pogovarjala\u2026","rel":"","context":"In &quot;Kar tako&quot;","block_context":{"text":"Kar tako","link":"https:\/\/www.damjanveber.com\/index.php\/category\/kar-tako\/"},"img":{"alt_text":"","src":"https:\/\/i0.wp.com\/www.damjanveber.com\/wp-content\/uploads\/2022\/10\/img_2682-scaled.jpg?fit=900%2C1200&ssl=1&resize=350%2C200","width":350,"height":200,"srcset":"https:\/\/i0.wp.com\/www.damjanveber.com\/wp-content\/uploads\/2022\/10\/img_2682-scaled.jpg?fit=900%2C1200&ssl=1&resize=350%2C200 1x, https:\/\/i0.wp.com\/www.damjanveber.com\/wp-content\/uploads\/2022\/10\/img_2682-scaled.jpg?fit=900%2C1200&ssl=1&resize=525%2C300 1.5x, https:\/\/i0.wp.com\/www.damjanveber.com\/wp-content\/uploads\/2022\/10\/img_2682-scaled.jpg?fit=900%2C1200&ssl=1&resize=700%2C400 2x"},"classes":[]},{"id":206,"url":"https:\/\/www.damjanveber.com\/index.php\/2022\/10\/04\/ponovno-na-sihtu\/","url_meta":{"origin":177,"position":5},"title":"Ponovno na \u0161ihtu","author":"admin","date":"4. oktobra, 2022","format":false,"excerpt":"Pa sem nazaj v Shambali. Sodelavci so me \u017ee kar pogre\u0161al, eni so mislil, da sem \u017ee pobegnil, nope. Za kosilo si skuham Goveje rezance s Chimcim zeljem po navodilu \u0161efa Darka. Evo to je pa simpl recept: v Vok vr\u017eemo meso, dodamo poper, fish souse, sezam oil, taryaki, dodamo\u2026","rel":"","context":"In &quot;Recept po doma\u010d&quot;","block_context":{"text":"Recept po doma\u010d","link":"https:\/\/www.damjanveber.com\/index.php\/category\/recept-po-domac\/"},"img":{"alt_text":"","src":"https:\/\/i0.wp.com\/www.damjanveber.com\/wp-content\/uploads\/2022\/10\/3A611B25-9F7B-4EAA-8171-B7BCCB42BF43-scaled.jpeg?fit=900%2C1200&ssl=1&resize=350%2C200","width":350,"height":200,"srcset":"https:\/\/i0.wp.com\/www.damjanveber.com\/wp-content\/uploads\/2022\/10\/3A611B25-9F7B-4EAA-8171-B7BCCB42BF43-scaled.jpeg?fit=900%2C1200&ssl=1&resize=350%2C200 1x, https:\/\/i0.wp.com\/www.damjanveber.com\/wp-content\/uploads\/2022\/10\/3A611B25-9F7B-4EAA-8171-B7BCCB42BF43-scaled.jpeg?fit=900%2C1200&ssl=1&resize=525%2C300 1.5x, https:\/\/i0.wp.com\/www.damjanveber.com\/wp-content\/uploads\/2022\/10\/3A611B25-9F7B-4EAA-8171-B7BCCB42BF43-scaled.jpeg?fit=900%2C1200&ssl=1&resize=700%2C400 2x"},"classes":[]}],"jetpack_sharing_enabled":true,"_links":{"self":[{"href":"https:\/\/www.damjanveber.com\/index.php\/wp-json\/wp\/v2\/posts\/177","targetHints":{"allow":["GET"]}}],"collection":[{"href":"https:\/\/www.damjanveber.com\/index.php\/wp-json\/wp\/v2\/posts"}],"about":[{"href":"https:\/\/www.damjanveber.com\/index.php\/wp-json\/wp\/v2\/types\/post"}],"author":[{"embeddable":true,"href":"https:\/\/www.damjanveber.com\/index.php\/wp-json\/wp\/v2\/users\/1"}],"replies":[{"embeddable":true,"href":"https:\/\/www.damjanveber.com\/index.php\/wp-json\/wp\/v2\/comments?post=177"}],"version-history":[{"count":1,"href":"https:\/\/www.damjanveber.com\/index.php\/wp-json\/wp\/v2\/posts\/177\/revisions"}],"predecessor-version":[{"id":178,"href":"https:\/\/www.damjanveber.com\/index.php\/wp-json\/wp\/v2\/posts\/177\/revisions\/178"}],"wp:attachment":[{"href":"https:\/\/www.damjanveber.com\/index.php\/wp-json\/wp\/v2\/media?parent=177"}],"wp:term":[{"taxonomy":"category","embeddable":true,"href":"https:\/\/www.damjanveber.com\/index.php\/wp-json\/wp\/v2\/categories?post=177"},{"taxonomy":"post_tag","embeddable":true,"href":"https:\/\/www.damjanveber.com\/index.php\/wp-json\/wp\/v2\/tags?post=177"}],"curies":[{"name":"wp","href":"https:\/\/api.w.org\/{rel}","templated":true}]}}