{"id":200,"date":"2022-10-02T10:33:00","date_gmt":"2022-10-02T10:33:00","guid":{"rendered":"https:\/\/www.damjanveber.com\/?p=200"},"modified":"2022-10-08T10:39:42","modified_gmt":"2022-10-08T10:39:42","slug":"grski-vecer","status":"publish","type":"post","link":"https:\/\/www.damjanveber.com\/index.php\/2022\/10\/02\/grski-vecer\/","title":{"rendered":"Gr\u0161ki ve\u010der"},"content":{"rendered":"\n<p>Dan za lenarjenje. Zve\u010der pa na gr\u0161ki ve\u010der. Dva igrata na instrumente, eden na kitari, drugi pa na hmm tamburici? Imajo tudi lokalnega zabavlja\u010da, ki nas redno po\u0161ilja na plesi\u0161\u010de. Po treh urah plesa sva pa \u017ee kar zmatrana, greva domu, lahko no\u010d.<\/p>\n\n\n\n<figure class=\"wp-block-video\"><\/figure>\n","protected":false},"excerpt":{"rendered":"<p>Dan za lenarjenje. Zve\u010der pa na gr\u0161ki ve\u010der. Dva igrata na instrumente, eden na kitari, drugi pa na hmm tamburici? Imajo tudi lokalnega zabavlja\u010da, ki nas redno po\u0161ilja na plesi\u0161\u010de. Po treh urah plesa sva pa \u017ee kar zmatrana, greva domu, lahko no\u010d.<\/p>\n","protected":false},"author":1,"featured_media":201,"comment_status":"open","ping_status":"open","sticky":false,"template":"","format":"standard","meta":{"om_disable_all_campaigns":false,"_monsterinsights_skip_tracking":false,"_monsterinsights_sitenote_active":false,"_monsterinsights_sitenote_note":"","_monsterinsights_sitenote_category":0,"_jetpack_memberships_contains_paid_content":false,"footnotes":"","jetpack_publicize_message":"","jetpack_publicize_feature_enabled":true,"jetpack_social_post_already_shared":false,"jetpack_social_options":{"image_generator_settings":{"template":"highway","default_image_id":0,"enabled":false},"version":2}},"categories":[12],"tags":[],"class_list":["post-200","post","type-post","status-publish","format-standard","has-post-thumbnail","hentry","category-vredno-ogleda"],"aioseo_notices":[],"jetpack_publicize_connections":[],"jetpack_featured_media_url":"https:\/\/i0.wp.com\/www.damjanveber.com\/wp-content\/uploads\/2022\/10\/ACFD4F41-65B9-4104-930D-8FBF75CB996C-scaled.jpeg?fit=2560%2C1920&ssl=1","jetpack-related-posts":[{"id":223,"url":"https:\/\/www.damjanveber.com\/index.php\/2022\/10\/07\/prvi-mystery-box\/","url_meta":{"origin":200,"position":0},"title":"Prvi mystery box","author":"admin","date":"7. oktobra, 2022","format":false,"excerpt":"Dopoldne kuhava z Darkom pri nas v pisarni, to kar nam bodo sodelavci sisplet skrili v mystery box. V \u0161katli naju \u010daka blitva, korenje, kostanj, pi\u0161\u010dan\u010dje meso. Odlo\u010diva se, da bova pripravila pi\u0161\u010dan\u010dje meso na blitvi s kostanjevo omako, korenjem, peperoncino sirom, robidami in pestom. Ponovno je izpadlo odli\u010dno, sodelavci\u2026","rel":"","context":"In &quot;Kar tako&quot;","block_context":{"text":"Kar tako","link":"https:\/\/www.damjanveber.com\/index.php\/category\/kar-tako\/"},"img":{"alt_text":"","src":"https:\/\/i0.wp.com\/www.damjanveber.com\/wp-content\/uploads\/2022\/10\/6CA70297-F82A-423D-9512-D43A6C96693B-scaled.jpeg?fit=900%2C1200&ssl=1&resize=350%2C200","width":350,"height":200,"srcset":"https:\/\/i0.wp.com\/www.damjanveber.com\/wp-content\/uploads\/2022\/10\/6CA70297-F82A-423D-9512-D43A6C96693B-scaled.jpeg?fit=900%2C1200&ssl=1&resize=350%2C200 1x, https:\/\/i0.wp.com\/www.damjanveber.com\/wp-content\/uploads\/2022\/10\/6CA70297-F82A-423D-9512-D43A6C96693B-scaled.jpeg?fit=900%2C1200&ssl=1&resize=525%2C300 1.5x, https:\/\/i0.wp.com\/www.damjanveber.com\/wp-content\/uploads\/2022\/10\/6CA70297-F82A-423D-9512-D43A6C96693B-scaled.jpeg?fit=900%2C1200&ssl=1&resize=700%2C400 2x"},"classes":[]},{"id":372,"url":"https:\/\/www.damjanveber.com\/index.php\/2022\/11\/01\/prvi-dan-dopusta-prvi-zaplet\/","url_meta":{"origin":200,"position":1},"title":"Prvi dan dopusta, prvi zaplet","author":"admin","date":"1. novembra, 2022","format":false,"excerpt":"Po celodnevnem potovanju v nedeljo prispemo v ponedeljek pono\u010di na Fuerteventura. Takoj po pristanku nas \u010daka presene\u010denje, rentacar je napa\u010dno rezerviran. Imeli smo rezervacijo od sobote, ker pa je bil let storniran, smo pozabili zamakniti rezervacijo na dan kasneje. Na sre\u010dno ni ve\u010d te\u017eav z najemi kot v \u010dasu Covida,\u2026","rel":"","context":"In &quot;Saj ni res pa je&quot;","block_context":{"text":"Saj ni res pa je","link":"https:\/\/www.damjanveber.com\/index.php\/category\/saj-ni-res-pa-je\/"},"img":{"alt_text":"","src":"https:\/\/i0.wp.com\/www.damjanveber.com\/wp-content\/uploads\/2022\/11\/img_2705-scaled.jpg?fit=900%2C1200&ssl=1&resize=350%2C200","width":350,"height":200,"srcset":"https:\/\/i0.wp.com\/www.damjanveber.com\/wp-content\/uploads\/2022\/11\/img_2705-scaled.jpg?fit=900%2C1200&ssl=1&resize=350%2C200 1x, https:\/\/i0.wp.com\/www.damjanveber.com\/wp-content\/uploads\/2022\/11\/img_2705-scaled.jpg?fit=900%2C1200&ssl=1&resize=525%2C300 1.5x, https:\/\/i0.wp.com\/www.damjanveber.com\/wp-content\/uploads\/2022\/11\/img_2705-scaled.jpg?fit=900%2C1200&ssl=1&resize=700%2C400 2x"},"classes":[]},{"id":355,"url":"https:\/\/www.damjanveber.com\/index.php\/2022\/10\/26\/pa-sem-nazaj\/","url_meta":{"origin":200,"position":2},"title":"Pa sem nazaj","author":"admin","date":"26. oktobra, 2022","format":false,"excerpt":"Zve\u010der imava z \u017eeno ve\u010derjo. Pripravim ji file brancina s pirejem od koren\u010dka, \u010debule, \u010desna in \u0161e vrsto drugih zeli\u0161\u010d. Na njeno pobudo dodam \u0161e zeleni kari iz vre\u010dke..in to me je pokopalo. Pire je bil tak pikanten, da sem celo no\u010d na sekret hodu. Druga\u010de pa sva se pogovarjala\u2026","rel":"","context":"In &quot;Kar tako&quot;","block_context":{"text":"Kar tako","link":"https:\/\/www.damjanveber.com\/index.php\/category\/kar-tako\/"},"img":{"alt_text":"","src":"https:\/\/i0.wp.com\/www.damjanveber.com\/wp-content\/uploads\/2022\/10\/img_2682-scaled.jpg?fit=900%2C1200&ssl=1&resize=350%2C200","width":350,"height":200,"srcset":"https:\/\/i0.wp.com\/www.damjanveber.com\/wp-content\/uploads\/2022\/10\/img_2682-scaled.jpg?fit=900%2C1200&ssl=1&resize=350%2C200 1x, https:\/\/i0.wp.com\/www.damjanveber.com\/wp-content\/uploads\/2022\/10\/img_2682-scaled.jpg?fit=900%2C1200&ssl=1&resize=525%2C300 1.5x, https:\/\/i0.wp.com\/www.damjanveber.com\/wp-content\/uploads\/2022\/10\/img_2682-scaled.jpg?fit=900%2C1200&ssl=1&resize=700%2C400 2x"},"classes":[]},{"id":413,"url":"https:\/\/www.damjanveber.com\/index.php\/2022\/11\/10\/surf-doctor\/","url_meta":{"origin":200,"position":3},"title":"Surf doctor","author":"admin","date":"10. novembra, 2022","format":false,"excerpt":"Nazadnje sem si pri kajteriji po\u0161kodoval kite. Mislim, da je bilo to lansko leto za novo leto t.j. 1.1.2021. Od takrat ga \u0161e vedno nisem popravil. Je bilo pa zanimivo, v vodo sem \u0161el na pla\u017eo Majanicho, kjer je sama skala. Nekako sem prilezel do vode brez po\u0161kodb. Na vodi\u2026","rel":"","context":"In &quot;Kar tako&quot;","block_context":{"text":"Kar tako","link":"https:\/\/www.damjanveber.com\/index.php\/category\/kar-tako\/"},"img":{"alt_text":"","src":"https:\/\/i0.wp.com\/www.damjanveber.com\/wp-content\/uploads\/2022\/11\/IMG_2782-scaled.jpg?fit=900%2C1200&ssl=1&resize=350%2C200","width":350,"height":200,"srcset":"https:\/\/i0.wp.com\/www.damjanveber.com\/wp-content\/uploads\/2022\/11\/IMG_2782-scaled.jpg?fit=900%2C1200&ssl=1&resize=350%2C200 1x, https:\/\/i0.wp.com\/www.damjanveber.com\/wp-content\/uploads\/2022\/11\/IMG_2782-scaled.jpg?fit=900%2C1200&ssl=1&resize=525%2C300 1.5x, https:\/\/i0.wp.com\/www.damjanveber.com\/wp-content\/uploads\/2022\/11\/IMG_2782-scaled.jpg?fit=900%2C1200&ssl=1&resize=700%2C400 2x"},"classes":[]},{"id":370,"url":"https:\/\/www.damjanveber.com\/index.php\/2022\/10\/30\/doooopust\/","url_meta":{"origin":200,"position":4},"title":"Doooopust","author":"admin","date":"30. oktobra, 2022","format":false,"excerpt":"Kon\u010dno, to vsi \u010dakamo, dopust. Zgodaj zjutraj se odpravimo proti letali\u0161\u010du Marco Polo - Benetke. Popotovanje pa traja in traja. Vmesni postanek je Madrid, kjer 5 ur \u010dakamo na naslednji let, potlej pa naprej proti Fuerteventura. Na letali\u0161\u010du se pozna, da spet na polno vse funkcionira. Spet ne najdemo kak\u0161ne\u2026","rel":"","context":"In &quot;Kar tako&quot;","block_context":{"text":"Kar tako","link":"https:\/\/www.damjanveber.com\/index.php\/category\/kar-tako\/"},"img":{"alt_text":"","src":"https:\/\/i0.wp.com\/www.damjanveber.com\/wp-content\/uploads\/2022\/11\/img_2768.png?fit=554%2C1200&ssl=1&resize=350%2C200","width":350,"height":200,"srcset":"https:\/\/i0.wp.com\/www.damjanveber.com\/wp-content\/uploads\/2022\/11\/img_2768.png?fit=554%2C1200&ssl=1&resize=350%2C200 1x, https:\/\/i0.wp.com\/www.damjanveber.com\/wp-content\/uploads\/2022\/11\/img_2768.png?fit=554%2C1200&ssl=1&resize=525%2C300 1.5x"},"classes":[]},{"id":466,"url":"https:\/\/www.damjanveber.com\/index.php\/2022\/11\/24\/eset-dogodek-za-sponzorje\/","url_meta":{"origin":200,"position":5},"title":"Eset dogodek za sponzorje","author":"admin","date":"24. novembra, 2022","format":false,"excerpt":"Kot ponosni sponzor slovenske smu\u010darske reprezentance imamo tudi dogodke. V sklopu tega so tudi dogodki. Nazadnje sem rekel na\u0161emu organizatorju: \"Jo\u017eko z vsem spo\u0161tovanjem, ampak na pa\u0161tetke pa ne bom ve\u010d hodil\". Pa je rekel \"\u010duj, pa naslednje sre\u010danje naredimo pri vas\". Dogodek je bil namre\u010d v Droga Kolinska, kjer\u2026","rel":"","context":"In &quot;Kar tako&quot;","block_context":{"text":"Kar tako","link":"https:\/\/www.damjanveber.com\/index.php\/category\/kar-tako\/"},"img":{"alt_text":"","src":"https:\/\/i0.wp.com\/www.damjanveber.com\/wp-content\/uploads\/2022\/11\/IMG_6077-scaled.jpg?fit=900%2C1200&ssl=1&resize=350%2C200","width":350,"height":200,"srcset":"https:\/\/i0.wp.com\/www.damjanveber.com\/wp-content\/uploads\/2022\/11\/IMG_6077-scaled.jpg?fit=900%2C1200&ssl=1&resize=350%2C200 1x, https:\/\/i0.wp.com\/www.damjanveber.com\/wp-content\/uploads\/2022\/11\/IMG_6077-scaled.jpg?fit=900%2C1200&ssl=1&resize=525%2C300 1.5x, https:\/\/i0.wp.com\/www.damjanveber.com\/wp-content\/uploads\/2022\/11\/IMG_6077-scaled.jpg?fit=900%2C1200&ssl=1&resize=700%2C400 2x"},"classes":[]}],"jetpack_sharing_enabled":true,"_links":{"self":[{"href":"https:\/\/www.damjanveber.com\/index.php\/wp-json\/wp\/v2\/posts\/200","targetHints":{"allow":["GET"]}}],"collection":[{"href":"https:\/\/www.damjanveber.com\/index.php\/wp-json\/wp\/v2\/posts"}],"about":[{"href":"https:\/\/www.damjanveber.com\/index.php\/wp-json\/wp\/v2\/types\/post"}],"author":[{"embeddable":true,"href":"https:\/\/www.damjanveber.com\/index.php\/wp-json\/wp\/v2\/users\/1"}],"replies":[{"embeddable":true,"href":"https:\/\/www.damjanveber.com\/index.php\/wp-json\/wp\/v2\/comments?post=200"}],"version-history":[{"count":1,"href":"https:\/\/www.damjanveber.com\/index.php\/wp-json\/wp\/v2\/posts\/200\/revisions"}],"predecessor-version":[{"id":202,"href":"https:\/\/www.damjanveber.com\/index.php\/wp-json\/wp\/v2\/posts\/200\/revisions\/202"}],"wp:featuredmedia":[{"embeddable":true,"href":"https:\/\/www.damjanveber.com\/index.php\/wp-json\/wp\/v2\/media\/201"}],"wp:attachment":[{"href":"https:\/\/www.damjanveber.com\/index.php\/wp-json\/wp\/v2\/media?parent=200"}],"wp:term":[{"taxonomy":"category","embeddable":true,"href":"https:\/\/www.damjanveber.com\/index.php\/wp-json\/wp\/v2\/categories?post=200"},{"taxonomy":"post_tag","embeddable":true,"href":"https:\/\/www.damjanveber.com\/index.php\/wp-json\/wp\/v2\/tags?post=200"}],"curies":[{"name":"wp","href":"https:\/\/api.w.org\/{rel}","templated":true}]}}