{"id":295,"date":"2022-10-15T09:58:00","date_gmt":"2022-10-15T07:58:00","guid":{"rendered":"https:\/\/www.damjanveber.com\/?p=295"},"modified":"2022-10-17T10:36:44","modified_gmt":"2022-10-17T08:36:44","slug":"gledanje-oddaj-masterchef","status":"publish","type":"post","link":"https:\/\/www.damjanveber.com\/index.php\/2022\/10\/15\/gledanje-oddaj-masterchef\/","title":{"rendered":"Gledanje oddaj MasterChef"},"content":{"rendered":"\n<p>Doma se lotim gledat oddaje MasterChef Slovenija, kjer bom analiziral katere stvari se kuhajo, kaj se dogaja v oddaji in vse podrobnosti, ki jih opazim v oddaji.<\/p>\n\n\n\n<p>1. sezona 3. oddaja &#8211; prvi mystery box, uporabiti morajo sestavine: slanina, \u010dokolada, paradajz,  krompir<\/p>\n\n\n\n<p>Zmaga Tilen s pirejem in zato na Kreativnem testu kuhajo Mehi\u0161ko hrano, jah, to pomen, da bo treba na\u0161tudirat  chilli con carne<\/p>\n","protected":false},"excerpt":{"rendered":"<p>Doma se lotim gledat oddaje MasterChef Slovenija, kjer bom analiziral katere stvari se kuhajo, kaj se dogaja v oddaji in vse podrobnosti, ki jih opazim v oddaji. 1. sezona 3. oddaja &#8211; prvi mystery box, uporabiti morajo sestavine: slanina, \u010dokolada, paradajz, krompir Zmaga Tilen s pirejem in zato na Kreativnem testu kuhajo Mehi\u0161ko hrano, jah, [&hellip;]<\/p>\n","protected":false},"author":1,"featured_media":304,"comment_status":"open","ping_status":"open","sticky":false,"template":"","format":"standard","meta":{"om_disable_all_campaigns":false,"_monsterinsights_skip_tracking":false,"_monsterinsights_sitenote_active":false,"_monsterinsights_sitenote_note":"","_monsterinsights_sitenote_category":0,"_jetpack_memberships_contains_paid_content":false,"footnotes":"","jetpack_publicize_message":"","jetpack_publicize_feature_enabled":true,"jetpack_social_post_already_shared":true,"jetpack_social_options":{"image_generator_settings":{"template":"highway","default_image_id":0,"enabled":false},"version":2}},"categories":[17],"tags":[],"class_list":["post-295","post","type-post","status-publish","format-standard","has-post-thumbnail","hentry","category-masterchef-analiza"],"aioseo_notices":[],"jetpack_publicize_connections":[],"jetpack_featured_media_url":"https:\/\/i0.wp.com\/www.damjanveber.com\/wp-content\/uploads\/2022\/10\/img_2620.jpg?fit=720%2C720&ssl=1","jetpack-related-posts":[{"id":698,"url":"https:\/\/www.damjanveber.com\/index.php\/2023\/01\/04\/masterchef-projekt-zakljucen-lustn-je-blo\/","url_meta":{"origin":295,"position":0},"title":"Masterchef, projekt zaklju\u010den, lu\u0161tn je blo","author":"admin","date":"4. januarja, 2023","format":false,"excerpt":"In pri\u0161li smo do konca, sprejel sem odlo\u010ditev, NE bom se udele\u017eil Masterchef. Glavni razlog je to, da me kuhanje ni prijelo, rad kuham za prijatelje, predvsem Steake, da pa se bom u\u010dil kuhat torte ali potice mi pa ni. Vztrajal sem skoraj 4 mesece, kuhal razli\u010dne jedi in se\u2026","rel":"","context":"In &quot;Kar tako&quot;","block_context":{"text":"Kar tako","link":"https:\/\/www.damjanveber.com\/index.php\/category\/kar-tako\/"},"img":{"alt_text":"","src":"https:\/\/i0.wp.com\/www.damjanveber.com\/wp-content\/uploads\/2023\/10\/IMG_0173-scaled.jpg?fit=900%2C1200&ssl=1&resize=350%2C200","width":350,"height":200,"srcset":"https:\/\/i0.wp.com\/www.damjanveber.com\/wp-content\/uploads\/2023\/10\/IMG_0173-scaled.jpg?fit=900%2C1200&ssl=1&resize=350%2C200 1x, https:\/\/i0.wp.com\/www.damjanveber.com\/wp-content\/uploads\/2023\/10\/IMG_0173-scaled.jpg?fit=900%2C1200&ssl=1&resize=525%2C300 1.5x, https:\/\/i0.wp.com\/www.damjanveber.com\/wp-content\/uploads\/2023\/10\/IMG_0173-scaled.jpg?fit=900%2C1200&ssl=1&resize=700%2C400 2x"},"classes":[]},{"id":348,"url":"https:\/\/www.damjanveber.com\/index.php\/2022\/10\/25\/site-closed-2-dan\/","url_meta":{"origin":295,"position":1},"title":"Site Closed &#8211; 2. dan","author":"admin","date":"25. oktobra, 2022","format":false,"excerpt":"Doma si pri\u0161em zapiske ZA in PROTI projektu MasterChef. Nikoli ni bilo to moja ideja, da bi \u0161el v show MasterChef, prijavili so me sodelavci. Pa sem rekel, lahko probam do Novega leta in vidim kaj bo, \u010de me kuhanje ne bo prevzelo nima smisla nadaljevat. Odkar pa sem v\u2026","rel":"","context":"In &quot;Kar tako&quot;","block_context":{"text":"Kar tako","link":"https:\/\/www.damjanveber.com\/index.php\/category\/kar-tako\/"},"img":{"alt_text":"","src":"https:\/\/i0.wp.com\/www.damjanveber.com\/wp-content\/uploads\/2022\/10\/Screenshot-2022-10-26-at-10.26.25.png?fit=1200%2C779&ssl=1&resize=350%2C200","width":350,"height":200,"srcset":"https:\/\/i0.wp.com\/www.damjanveber.com\/wp-content\/uploads\/2022\/10\/Screenshot-2022-10-26-at-10.26.25.png?fit=1200%2C779&ssl=1&resize=350%2C200 1x, https:\/\/i0.wp.com\/www.damjanveber.com\/wp-content\/uploads\/2022\/10\/Screenshot-2022-10-26-at-10.26.25.png?fit=1200%2C779&ssl=1&resize=525%2C300 1.5x, https:\/\/i0.wp.com\/www.damjanveber.com\/wp-content\/uploads\/2022\/10\/Screenshot-2022-10-26-at-10.26.25.png?fit=1200%2C779&ssl=1&resize=700%2C400 2x, https:\/\/i0.wp.com\/www.damjanveber.com\/wp-content\/uploads\/2022\/10\/Screenshot-2022-10-26-at-10.26.25.png?fit=1200%2C779&ssl=1&resize=1050%2C600 3x"},"classes":[]},{"id":90,"url":"https:\/\/www.damjanveber.com\/index.php\/2022\/09\/15\/v-sluzbi-nova-ekipa\/","url_meta":{"origin":295,"position":2},"title":"V slu\u017ebi nova ekipa","author":"admin","date":"15. septembra, 2022","format":false,"excerpt":"Danes sem v slu\u017ebi z novo ekipo. \u017de takoj me \u010daka presene\u010denje, Sanja, ki pripravlja hladne jedi je nastrojena. Vse kar pove zveni kot ukaz oz. v normalnem kolektivu se danes to imenuje mobing. Pa spet i\u0161\u010dem krompir po restavraciji in ga ne najdem. Ko pridem praznih rok mi zabrusi:\u2026","rel":"","context":"In &quot;Kar tako&quot;","block_context":{"text":"Kar tako","link":"https:\/\/www.damjanveber.com\/index.php\/category\/kar-tako\/"},"img":{"alt_text":"","src":"https:\/\/i0.wp.com\/www.damjanveber.com\/wp-content\/uploads\/2022\/09\/CA4AC213-D726-4EB2-A020-A32DDEA45F8A-scaled.jpeg?fit=900%2C1200&ssl=1&resize=350%2C200","width":350,"height":200,"srcset":"https:\/\/i0.wp.com\/www.damjanveber.com\/wp-content\/uploads\/2022\/09\/CA4AC213-D726-4EB2-A020-A32DDEA45F8A-scaled.jpeg?fit=900%2C1200&ssl=1&resize=350%2C200 1x, https:\/\/i0.wp.com\/www.damjanveber.com\/wp-content\/uploads\/2022\/09\/CA4AC213-D726-4EB2-A020-A32DDEA45F8A-scaled.jpeg?fit=900%2C1200&ssl=1&resize=525%2C300 1.5x, https:\/\/i0.wp.com\/www.damjanveber.com\/wp-content\/uploads\/2022\/09\/CA4AC213-D726-4EB2-A020-A32DDEA45F8A-scaled.jpeg?fit=900%2C1200&ssl=1&resize=700%2C400 2x"},"classes":[]},{"id":77,"url":"https:\/\/www.damjanveber.com\/index.php\/2022\/09\/12\/prvi-dan-v-sluzbi\/","url_meta":{"origin":295,"position":3},"title":"Prvi dan v slu\u017ebi :)","author":"admin","date":"12. septembra, 2022","format":false,"excerpt":"Zjutraj ob 8.00 sem pri Shambali. Pred Shambalo nekaj snemajo. Kaj pa je zdaj to pomislim, kaj mi je \u017eena spet kaj na\u0161timala, upam, da to ne \u010dakajo name, za masterchef ka\u0161ne priprave ?!. Grem mimo in opazim, da snemajo reklamo za nekega glasbenika, vse ok. Pridem do Shambale, povsod\u2026","rel":"","context":"In &quot;Kar tako&quot;","block_context":{"text":"Kar tako","link":"https:\/\/www.damjanveber.com\/index.php\/category\/kar-tako\/"},"img":{"alt_text":"","src":"https:\/\/i0.wp.com\/www.damjanveber.com\/wp-content\/uploads\/2022\/10\/IMG_2272-scaled.jpg?fit=1200%2C900&ssl=1&resize=350%2C200","width":350,"height":200,"srcset":"https:\/\/i0.wp.com\/www.damjanveber.com\/wp-content\/uploads\/2022\/10\/IMG_2272-scaled.jpg?fit=1200%2C900&ssl=1&resize=350%2C200 1x, https:\/\/i0.wp.com\/www.damjanveber.com\/wp-content\/uploads\/2022\/10\/IMG_2272-scaled.jpg?fit=1200%2C900&ssl=1&resize=525%2C300 1.5x, https:\/\/i0.wp.com\/www.damjanveber.com\/wp-content\/uploads\/2022\/10\/IMG_2272-scaled.jpg?fit=1200%2C900&ssl=1&resize=700%2C400 2x, https:\/\/i0.wp.com\/www.damjanveber.com\/wp-content\/uploads\/2022\/10\/IMG_2272-scaled.jpg?fit=1200%2C900&ssl=1&resize=1050%2C600 3x"},"classes":[]},{"id":345,"url":"https:\/\/www.damjanveber.com\/index.php\/2022\/10\/24\/site-closed\/","url_meta":{"origin":295,"position":4},"title":"Site Closed","author":"admin","date":"24. oktobra, 2022","format":false,"excerpt":"Dovolj je! sem rekel in zaprl spletno stran damjanveber.com. \u017dena se ponovno loti kuhat, kdaj bom pa jaz pri\u0161el na vrsto? Odkar sem se lotil tega projekta kuha doma, jaz pa samo kaj pomagam pri pripravi. Kako naj postanem masterchef, sam tak da berem knjige ?! To me tako razkuri,\u2026","rel":"","context":"In &quot;Kar tako&quot;","block_context":{"text":"Kar tako","link":"https:\/\/www.damjanveber.com\/index.php\/category\/kar-tako\/"},"img":{"alt_text":"","src":"https:\/\/i0.wp.com\/www.damjanveber.com\/wp-content\/uploads\/2022\/10\/Screenshot-2022-10-26-at-10.26.25.png?fit=1200%2C779&ssl=1&resize=350%2C200","width":350,"height":200,"srcset":"https:\/\/i0.wp.com\/www.damjanveber.com\/wp-content\/uploads\/2022\/10\/Screenshot-2022-10-26-at-10.26.25.png?fit=1200%2C779&ssl=1&resize=350%2C200 1x, https:\/\/i0.wp.com\/www.damjanveber.com\/wp-content\/uploads\/2022\/10\/Screenshot-2022-10-26-at-10.26.25.png?fit=1200%2C779&ssl=1&resize=525%2C300 1.5x, https:\/\/i0.wp.com\/www.damjanveber.com\/wp-content\/uploads\/2022\/10\/Screenshot-2022-10-26-at-10.26.25.png?fit=1200%2C779&ssl=1&resize=700%2C400 2x, https:\/\/i0.wp.com\/www.damjanveber.com\/wp-content\/uploads\/2022\/10\/Screenshot-2022-10-26-at-10.26.25.png?fit=1200%2C779&ssl=1&resize=1050%2C600 3x"},"classes":[]},{"id":355,"url":"https:\/\/www.damjanveber.com\/index.php\/2022\/10\/26\/pa-sem-nazaj\/","url_meta":{"origin":295,"position":5},"title":"Pa sem nazaj","author":"admin","date":"26. oktobra, 2022","format":false,"excerpt":"Zve\u010der imava z \u017eeno ve\u010derjo. Pripravim ji file brancina s pirejem od koren\u010dka, \u010debule, \u010desna in \u0161e vrsto drugih zeli\u0161\u010d. Na njeno pobudo dodam \u0161e zeleni kari iz vre\u010dke..in to me je pokopalo. Pire je bil tak pikanten, da sem celo no\u010d na sekret hodu. Druga\u010de pa sva se pogovarjala\u2026","rel":"","context":"In &quot;Kar tako&quot;","block_context":{"text":"Kar tako","link":"https:\/\/www.damjanveber.com\/index.php\/category\/kar-tako\/"},"img":{"alt_text":"","src":"https:\/\/i0.wp.com\/www.damjanveber.com\/wp-content\/uploads\/2022\/10\/img_2682-scaled.jpg?fit=900%2C1200&ssl=1&resize=350%2C200","width":350,"height":200,"srcset":"https:\/\/i0.wp.com\/www.damjanveber.com\/wp-content\/uploads\/2022\/10\/img_2682-scaled.jpg?fit=900%2C1200&ssl=1&resize=350%2C200 1x, https:\/\/i0.wp.com\/www.damjanveber.com\/wp-content\/uploads\/2022\/10\/img_2682-scaled.jpg?fit=900%2C1200&ssl=1&resize=525%2C300 1.5x, https:\/\/i0.wp.com\/www.damjanveber.com\/wp-content\/uploads\/2022\/10\/img_2682-scaled.jpg?fit=900%2C1200&ssl=1&resize=700%2C400 2x"},"classes":[]}],"jetpack_sharing_enabled":true,"_links":{"self":[{"href":"https:\/\/www.damjanveber.com\/index.php\/wp-json\/wp\/v2\/posts\/295","targetHints":{"allow":["GET"]}}],"collection":[{"href":"https:\/\/www.damjanveber.com\/index.php\/wp-json\/wp\/v2\/posts"}],"about":[{"href":"https:\/\/www.damjanveber.com\/index.php\/wp-json\/wp\/v2\/types\/post"}],"author":[{"embeddable":true,"href":"https:\/\/www.damjanveber.com\/index.php\/wp-json\/wp\/v2\/users\/1"}],"replies":[{"embeddable":true,"href":"https:\/\/www.damjanveber.com\/index.php\/wp-json\/wp\/v2\/comments?post=295"}],"version-history":[{"count":1,"href":"https:\/\/www.damjanveber.com\/index.php\/wp-json\/wp\/v2\/posts\/295\/revisions"}],"predecessor-version":[{"id":296,"href":"https:\/\/www.damjanveber.com\/index.php\/wp-json\/wp\/v2\/posts\/295\/revisions\/296"}],"wp:featuredmedia":[{"embeddable":true,"href":"https:\/\/www.damjanveber.com\/index.php\/wp-json\/wp\/v2\/media\/304"}],"wp:attachment":[{"href":"https:\/\/www.damjanveber.com\/index.php\/wp-json\/wp\/v2\/media?parent=295"}],"wp:term":[{"taxonomy":"category","embeddable":true,"href":"https:\/\/www.damjanveber.com\/index.php\/wp-json\/wp\/v2\/categories?post=295"},{"taxonomy":"post_tag","embeddable":true,"href":"https:\/\/www.damjanveber.com\/index.php\/wp-json\/wp\/v2\/tags?post=295"}],"curies":[{"name":"wp","href":"https:\/\/api.w.org\/{rel}","templated":true}]}}