{"id":297,"date":"2022-10-16T10:07:00","date_gmt":"2022-10-16T08:07:00","guid":{"rendered":"https:\/\/www.damjanveber.com\/?p=297"},"modified":"2022-10-17T10:44:01","modified_gmt":"2022-10-17T08:44:01","slug":"cofotanje-v-facuzi","status":"publish","type":"post","link":"https:\/\/www.damjanveber.com\/index.php\/2022\/10\/16\/cofotanje-v-facuzi\/","title":{"rendered":"\u010cofotanje v fa\u010duzi"},"content":{"rendered":"\n<p>Se spomnite \u0161ofa Ljubezen po doma\u010de? No, jaz tega nisem gledal, vem pa da se je cela Slovenija smejala, ker ena bila ena od tekmovalk prvi\u010d v masa\u017enem bazenu in ga je krstila za <a href=\"https:\/\/www.24ur.com\/tv-oddaje\/ljubezen-po-domace\/vesna-sosteric-o-prepoznavnosti-facuzi-ni-pozabljen.html\" target=\"_blank\" rel=\"noopener\" title=\"\u010dafuzi\">\u010dafuzi<\/a> . Nedelja je idealna za take stvari.<\/p>\n\n\n\n<p>Zve\u010der pa ponovno kuhanje <a href=\"https:\/\/www.kulinarika.net\/recepti\/sladice\/pecivo\/super-dobra-jabolcna-pita\/4364\/\" target=\"_blank\" rel=\"noopener\" title=\"jabol\u010dne pite\">jabol\u010dne pite<\/a>. Tokrat sem preve\u010d eksperimentiral in dodal preve\u010d limone.<\/p>\n","protected":false},"excerpt":{"rendered":"<p>Se spomnite \u0161ofa Ljubezen po doma\u010de? No, jaz tega nisem gledal, vem pa da se je cela Slovenija smejala, ker ena bila ena od tekmovalk prvi\u010d v masa\u017enem bazenu in ga je krstila za \u010dafuzi . Nedelja je idealna za take stvari. Zve\u010der pa ponovno kuhanje jabol\u010dne pite. Tokrat sem preve\u010d eksperimentiral in dodal preve\u010d [&hellip;]<\/p>\n","protected":false},"author":1,"featured_media":305,"comment_status":"open","ping_status":"open","sticky":false,"template":"","format":"standard","meta":{"om_disable_all_campaigns":false,"_monsterinsights_skip_tracking":false,"_monsterinsights_sitenote_active":false,"_monsterinsights_sitenote_note":"","_monsterinsights_sitenote_category":0,"_jetpack_memberships_contains_paid_content":false,"footnotes":"","jetpack_publicize_message":"","jetpack_publicize_feature_enabled":true,"jetpack_social_post_already_shared":true,"jetpack_social_options":{"image_generator_settings":{"template":"highway","default_image_id":0,"enabled":false},"version":2}},"categories":[1],"tags":[],"class_list":["post-297","post","type-post","status-publish","format-standard","has-post-thumbnail","hentry","category-kar-tako"],"aioseo_notices":[],"jetpack_publicize_connections":[],"jetpack_featured_media_url":"https:\/\/i0.wp.com\/www.damjanveber.com\/wp-content\/uploads\/2022\/10\/img_2617-scaled.jpg?fit=2560%2C1920&ssl=1","jetpack-related-posts":[{"id":604,"url":"https:\/\/www.damjanveber.com\/index.php\/2022\/12\/16\/parking-kapitelj-posastno-drago\/","url_meta":{"origin":297,"position":0},"title":"Parking Kapitelj, po\u0161astno drago!","author":"admin","date":"16. decembra, 2022","format":false,"excerpt":"\u0160ibam na tr\u017enico, pa ni drugega za na hitr parkirna hi\u0161a Kapitelj. Pridem nazaj pa \u010dez 4 EUR, ma ki smo v \u0160vici ?! Prav moram poslikat kolk to stane, pa naj vsak sam presodi \u010de ni preve\u010d ?","rel":"","context":"In &quot;Kdo je tu nor?&quot;","block_context":{"text":"Kdo je tu nor?","link":"https:\/\/www.damjanveber.com\/index.php\/category\/kdo-je-tu-nor\/"},"img":{"alt_text":"","src":"https:\/\/i0.wp.com\/www.damjanveber.com\/wp-content\/uploads\/2022\/12\/IMG_0063-scaled.jpg?fit=900%2C1200&ssl=1&resize=350%2C200","width":350,"height":200,"srcset":"https:\/\/i0.wp.com\/www.damjanveber.com\/wp-content\/uploads\/2022\/12\/IMG_0063-scaled.jpg?fit=900%2C1200&ssl=1&resize=350%2C200 1x, https:\/\/i0.wp.com\/www.damjanveber.com\/wp-content\/uploads\/2022\/12\/IMG_0063-scaled.jpg?fit=900%2C1200&ssl=1&resize=525%2C300 1.5x, https:\/\/i0.wp.com\/www.damjanveber.com\/wp-content\/uploads\/2022\/12\/IMG_0063-scaled.jpg?fit=900%2C1200&ssl=1&resize=700%2C400 2x"},"classes":[]},{"id":168,"url":"https:\/\/www.damjanveber.com\/index.php\/2022\/09\/24\/razprodaja-sedezev-na-ryanair\/","url_meta":{"origin":297,"position":1},"title":"Razprodaja sede\u017eev na Ryanair","author":"admin","date":"24. septembra, 2022","format":false,"excerpt":"Vstanem \u0161ele ob 9. uri, saj de\u017euje kot iz \u0161kafa.\u00a0 Po\u010dakam, da vstaneta fanta in v lokalu postorim svoje birokratske stvari.\u00a0 Pri Timu pripravim zajtrk, bo\u017eanska ume\u0161ana jajca, kot jih pripravi Karim Merdjadi. Kmalu je ura \u017ee 2 popoldan. S fanti gremo \u0161e na pizzo, potlej pa z Markom \u017ee\u2026","rel":"","context":"In &quot;Kdo je tu nor?&quot;","block_context":{"text":"Kdo je tu nor?","link":"https:\/\/www.damjanveber.com\/index.php\/category\/kdo-je-tu-nor\/"},"img":{"alt_text":"","src":"https:\/\/i0.wp.com\/www.damjanveber.com\/wp-content\/uploads\/2022\/10\/img_2535-scaled.jpg?fit=900%2C1200&ssl=1&resize=350%2C200","width":350,"height":200,"srcset":"https:\/\/i0.wp.com\/www.damjanveber.com\/wp-content\/uploads\/2022\/10\/img_2535-scaled.jpg?fit=900%2C1200&ssl=1&resize=350%2C200 1x, https:\/\/i0.wp.com\/www.damjanveber.com\/wp-content\/uploads\/2022\/10\/img_2535-scaled.jpg?fit=900%2C1200&ssl=1&resize=525%2C300 1.5x, https:\/\/i0.wp.com\/www.damjanveber.com\/wp-content\/uploads\/2022\/10\/img_2535-scaled.jpg?fit=900%2C1200&ssl=1&resize=700%2C400 2x"},"classes":[]},{"id":92,"url":"https:\/\/www.damjanveber.com\/index.php\/2022\/09\/16\/92\/","url_meta":{"origin":297,"position":2},"title":"\u017durka, prjatu ima 40","author":"admin","date":"16. septembra, 2022","format":false,"excerpt":"Ne vem, \u010de bi sploh \u0161el v slu\u017ebo. Sploh nisem ni\u010d spal, tale Sanja me razjeda.\u00a0 Razmi\u0161ljam in se nazadnje odlo\u010dim, NE, ne bom vrgel pu\u0161ke v koruzo tako hitro. Pripravim se scenarij kaj ji bom povedal, ko me naslednju\u010d napade.\u00a0 V slu\u017ebi jo ignoriram in delam svojo delo. Obrnem\u2026","rel":"","context":"In &quot;Kar tako&quot;","block_context":{"text":"Kar tako","link":"https:\/\/www.damjanveber.com\/index.php\/category\/kar-tako\/"},"img":{"alt_text":"","src":"https:\/\/i0.wp.com\/www.damjanveber.com\/wp-content\/uploads\/2022\/09\/47A77F4B-4A37-494C-95FA-F4A30FBF3562-scaled.jpeg?fit=900%2C1200&ssl=1&resize=350%2C200","width":350,"height":200,"srcset":"https:\/\/i0.wp.com\/www.damjanveber.com\/wp-content\/uploads\/2022\/09\/47A77F4B-4A37-494C-95FA-F4A30FBF3562-scaled.jpeg?fit=900%2C1200&ssl=1&resize=350%2C200 1x, https:\/\/i0.wp.com\/www.damjanveber.com\/wp-content\/uploads\/2022\/09\/47A77F4B-4A37-494C-95FA-F4A30FBF3562-scaled.jpeg?fit=900%2C1200&ssl=1&resize=525%2C300 1.5x, https:\/\/i0.wp.com\/www.damjanveber.com\/wp-content\/uploads\/2022\/09\/47A77F4B-4A37-494C-95FA-F4A30FBF3562-scaled.jpeg?fit=900%2C1200&ssl=1&resize=700%2C400 2x"},"classes":[]},{"id":159,"url":"https:\/\/www.damjanveber.com\/index.php\/2022\/09\/22\/tima-presenetiva-z-obiskom-pri-njem-na-tenerife\/","url_meta":{"origin":297,"position":3},"title":"Tima presenetiva z obiskom pri njem na Tenerife","author":"admin","date":"22. septembra, 2022","format":false,"excerpt":"Tim ima rojstni dan. Za presene\u010denje ga obi\u0161\u010deva z Markom pri njem na Tenerife. Zgodaj zjutraj se odpraviva na letali\u0161\u010de Dunaj. Spet sem pozen in ti\u0161\u010dim po gasu in verjetn bom spet dobil kak\u0161en radar za pla\u010dat. Vmes posku\u0161am rezervirari parking na letali\u0161\u010du a je vse rezervirano. Kot ponavadi me\u2026","rel":"","context":"In &quot;Gadget&quot;","block_context":{"text":"Gadget","link":"https:\/\/www.damjanveber.com\/index.php\/category\/gadget\/"},"img":{"alt_text":"","src":"https:\/\/i0.wp.com\/www.damjanveber.com\/wp-content\/uploads\/2022\/09\/C8D5DCD8-366E-4D4A-A2D0-DB404A9E241C-scaled.jpeg?fit=900%2C1200&ssl=1&resize=350%2C200","width":350,"height":200,"srcset":"https:\/\/i0.wp.com\/www.damjanveber.com\/wp-content\/uploads\/2022\/09\/C8D5DCD8-366E-4D4A-A2D0-DB404A9E241C-scaled.jpeg?fit=900%2C1200&ssl=1&resize=350%2C200 1x, https:\/\/i0.wp.com\/www.damjanveber.com\/wp-content\/uploads\/2022\/09\/C8D5DCD8-366E-4D4A-A2D0-DB404A9E241C-scaled.jpeg?fit=900%2C1200&ssl=1&resize=525%2C300 1.5x, https:\/\/i0.wp.com\/www.damjanveber.com\/wp-content\/uploads\/2022\/09\/C8D5DCD8-366E-4D4A-A2D0-DB404A9E241C-scaled.jpeg?fit=900%2C1200&ssl=1&resize=700%2C400 2x"},"classes":[]},{"id":281,"url":"https:\/\/www.damjanveber.com\/index.php\/2022\/10\/13\/pejd-u-k-pa-ta-tr\/","url_meta":{"origin":297,"position":4},"title":"Pejd u k* pa ta TR","author":"admin","date":"13. oktobra, 2022","format":false,"excerpt":"Danes v kuhni spet kaoti\u010dno. Natakarji so besni, vsake 5 minut kli\u010dejo za teden restavracij (TR). Kaj je res te\u017eko razmet, da restavracije nimajo ni\u010d s tem. Vse rezervacije potekajo preko spletne strani https:\/\/www.vivi.si in samo tu se lahko naro\u010di za mizo. Kako poteka pa povezava med vivi in restavracijami\u2026","rel":"","context":"In &quot;Kar tako&quot;","block_context":{"text":"Kar tako","link":"https:\/\/www.damjanveber.com\/index.php\/category\/kar-tako\/"},"img":{"alt_text":"","src":"https:\/\/i0.wp.com\/www.damjanveber.com\/wp-content\/uploads\/2022\/10\/img_2598-scaled.jpg?fit=900%2C1200&ssl=1&resize=350%2C200","width":350,"height":200,"srcset":"https:\/\/i0.wp.com\/www.damjanveber.com\/wp-content\/uploads\/2022\/10\/img_2598-scaled.jpg?fit=900%2C1200&ssl=1&resize=350%2C200 1x, https:\/\/i0.wp.com\/www.damjanveber.com\/wp-content\/uploads\/2022\/10\/img_2598-scaled.jpg?fit=900%2C1200&ssl=1&resize=525%2C300 1.5x, https:\/\/i0.wp.com\/www.damjanveber.com\/wp-content\/uploads\/2022\/10\/img_2598-scaled.jpg?fit=900%2C1200&ssl=1&resize=700%2C400 2x"},"classes":[]},{"id":426,"url":"https:\/\/www.damjanveber.com\/index.php\/2022\/11\/13\/nedelja-tim-ima-tekmo\/","url_meta":{"origin":297,"position":5},"title":"Nedelja, Tim ima tekmo","author":"admin","date":"13. novembra, 2022","format":false,"excerpt":"Vsako nedeljo Tim igra tekmo. Glede na to, da so kanarci razdeljeni na ve\u010d otokov, igrajo razli\u010dno po otokih. Tokrat igrajo na otoku La Gomera. Razmi\u0161ljam, da bi \u0161el pogledat. Gledam povezate in ugotovim, da bi moral prestopat, najprej Fuerteventura-Tenerife, potlej pa \u0161e Tenerife-La Gomera. To bo preve\u010d \u010dasa, v\u2026","rel":"","context":"In &quot;Kar tako&quot;","block_context":{"text":"Kar tako","link":"https:\/\/www.damjanveber.com\/index.php\/category\/kar-tako\/"},"img":{"alt_text":"","src":"https:\/\/i0.wp.com\/www.damjanveber.com\/wp-content\/uploads\/2022\/11\/IMG_2838.jpg?fit=1200%2C554&ssl=1&resize=350%2C200","width":350,"height":200,"srcset":"https:\/\/i0.wp.com\/www.damjanveber.com\/wp-content\/uploads\/2022\/11\/IMG_2838.jpg?fit=1200%2C554&ssl=1&resize=350%2C200 1x, https:\/\/i0.wp.com\/www.damjanveber.com\/wp-content\/uploads\/2022\/11\/IMG_2838.jpg?fit=1200%2C554&ssl=1&resize=525%2C300 1.5x, https:\/\/i0.wp.com\/www.damjanveber.com\/wp-content\/uploads\/2022\/11\/IMG_2838.jpg?fit=1200%2C554&ssl=1&resize=700%2C400 2x, https:\/\/i0.wp.com\/www.damjanveber.com\/wp-content\/uploads\/2022\/11\/IMG_2838.jpg?fit=1200%2C554&ssl=1&resize=1050%2C600 3x"},"classes":[]}],"jetpack_sharing_enabled":true,"_links":{"self":[{"href":"https:\/\/www.damjanveber.com\/index.php\/wp-json\/wp\/v2\/posts\/297","targetHints":{"allow":["GET"]}}],"collection":[{"href":"https:\/\/www.damjanveber.com\/index.php\/wp-json\/wp\/v2\/posts"}],"about":[{"href":"https:\/\/www.damjanveber.com\/index.php\/wp-json\/wp\/v2\/types\/post"}],"author":[{"embeddable":true,"href":"https:\/\/www.damjanveber.com\/index.php\/wp-json\/wp\/v2\/users\/1"}],"replies":[{"embeddable":true,"href":"https:\/\/www.damjanveber.com\/index.php\/wp-json\/wp\/v2\/comments?post=297"}],"version-history":[{"count":2,"href":"https:\/\/www.damjanveber.com\/index.php\/wp-json\/wp\/v2\/posts\/297\/revisions"}],"predecessor-version":[{"id":310,"href":"https:\/\/www.damjanveber.com\/index.php\/wp-json\/wp\/v2\/posts\/297\/revisions\/310"}],"wp:featuredmedia":[{"embeddable":true,"href":"https:\/\/www.damjanveber.com\/index.php\/wp-json\/wp\/v2\/media\/305"}],"wp:attachment":[{"href":"https:\/\/www.damjanveber.com\/index.php\/wp-json\/wp\/v2\/media?parent=297"}],"wp:term":[{"taxonomy":"category","embeddable":true,"href":"https:\/\/www.damjanveber.com\/index.php\/wp-json\/wp\/v2\/categories?post=297"},{"taxonomy":"post_tag","embeddable":true,"href":"https:\/\/www.damjanveber.com\/index.php\/wp-json\/wp\/v2\/tags?post=297"}],"curies":[{"name":"wp","href":"https:\/\/api.w.org\/{rel}","templated":true}]}}