{"id":313,"date":"2022-10-17T01:38:00","date_gmt":"2022-10-16T23:38:00","guid":{"rendered":"https:\/\/www.damjanveber.com\/index.php\/2022\/10\/17\/jeej-prvi-plating\/"},"modified":"2022-10-17T01:38:00","modified_gmt":"2022-10-16T23:38:00","slug":"jeej-prvi-plating","status":"publish","type":"post","link":"https:\/\/www.damjanveber.com\/index.php\/2022\/10\/17\/jeej-prvi-plating\/","title":{"rendered":"Jeej, prvi plating"},"content":{"rendered":"\n<p>Kon\u010dni do\u010dakal, po enem mesecu dela v kuhni sem delal Plating, to so tiste postavitve na kro\u017eniku preden gredo jedi do gostov. Sicer so bile samo solatke ampak nekje je treba za\u010det. TR je naredil svoje, premal nas je v kuhni \ud83d\ude09<\/p>\n","protected":false},"excerpt":{"rendered":"<p>Kon\u010dni do\u010dakal, po enem mesecu dela v kuhni sem delal Plating, to so tiste postavitve na kro\u017eniku preden gredo jedi do gostov. Sicer so bile samo solatke ampak nekje je treba za\u010det. TR je naredil svoje, premal nas je v kuhni \ud83d\ude09<\/p>\n","protected":false},"author":1,"featured_media":312,"comment_status":"open","ping_status":"open","sticky":false,"template":"","format":"standard","meta":{"om_disable_all_campaigns":false,"_monsterinsights_skip_tracking":false,"_monsterinsights_sitenote_active":false,"_monsterinsights_sitenote_note":"","_monsterinsights_sitenote_category":0,"_jetpack_memberships_contains_paid_content":false,"footnotes":"","jetpack_publicize_message":"","jetpack_publicize_feature_enabled":true,"jetpack_social_post_already_shared":true,"jetpack_social_options":{"image_generator_settings":{"template":"highway","default_image_id":0,"enabled":false},"version":2}},"categories":[1],"tags":[],"class_list":["post-313","post","type-post","status-publish","format-standard","has-post-thumbnail","hentry","category-kar-tako"],"aioseo_notices":[],"jetpack_publicize_connections":[],"jetpack_featured_media_url":"https:\/\/i0.wp.com\/www.damjanveber.com\/wp-content\/uploads\/2022\/10\/img_2632-scaled.jpg?fit=2560%2C1920&ssl=1","jetpack-related-posts":[{"id":210,"url":"https:\/\/www.damjanveber.com\/index.php\/2022\/10\/05\/hej-kaj-delas-v-kuhni\/","url_meta":{"origin":313,"position":0},"title":"Hej, kaj dela\u0161 v kuhni?","author":"admin","date":"5. oktobra, 2022","format":false,"excerpt":"Danes sem se prvi\u010d skregal z na\u0161o sna\u017eilko. V kuhinji, kjer pomivamo posodo in zelenjavo, je to\u010dila vedro s krpo za pomivanjem po tleh. Prijazno sem jo opomnil, da si svoje stvari lahko rihta v WCju. Itaq da je bilo vse narobe, ampak, doma si v koritu v kuhinji tud\u2026","rel":"","context":"In &quot;Kar tako&quot;","block_context":{"text":"Kar tako","link":"https:\/\/www.damjanveber.com\/index.php\/category\/kar-tako\/"},"img":{"alt_text":"","src":"https:\/\/i0.wp.com\/www.damjanveber.com\/wp-content\/uploads\/2022\/10\/37ED24C0-8C23-458E-86B8-000A97A7E419-scaled.jpeg?fit=900%2C1200&ssl=1&resize=350%2C200","width":350,"height":200,"srcset":"https:\/\/i0.wp.com\/www.damjanveber.com\/wp-content\/uploads\/2022\/10\/37ED24C0-8C23-458E-86B8-000A97A7E419-scaled.jpeg?fit=900%2C1200&ssl=1&resize=350%2C200 1x, https:\/\/i0.wp.com\/www.damjanveber.com\/wp-content\/uploads\/2022\/10\/37ED24C0-8C23-458E-86B8-000A97A7E419-scaled.jpeg?fit=900%2C1200&ssl=1&resize=525%2C300 1.5x, https:\/\/i0.wp.com\/www.damjanveber.com\/wp-content\/uploads\/2022\/10\/37ED24C0-8C23-458E-86B8-000A97A7E419-scaled.jpeg?fit=900%2C1200&ssl=1&resize=700%2C400 2x"},"classes":[]},{"id":247,"url":"https:\/\/www.damjanveber.com\/index.php\/2022\/10\/10\/pasta-s-panceto-korenjem-ingverjem-in-peperoncino-sirom\/","url_meta":{"origin":313,"position":1},"title":"Pa\u0161ta s panceto, korenjem, ingverjem..in kako se nekatere stvari nikoli ne spremenijo","author":"admin","date":"10. oktobra, 2022","format":false,"excerpt":"Zjutraj se odpravim v pisarno, kjer bova z Darkom kuhala pa\u0161to. Danes morava biti hitra saj Darko ravno menjava \u0161iht in gre podpisat z novim delodajalcem. Tak je to s kuharji, \u010de ho\u010dejo napredovati morajo menjat \u0161iht, da se kaj nau\u010dijo. Na ponvi prepra\u017eimo \u010debulo in dodamo sladko, da karamelizira.\u2026","rel":"","context":"In &quot;Recept by Sous Chef Darko Salihi&quot;","block_context":{"text":"Recept by Sous Chef Darko Salihi","link":"https:\/\/www.damjanveber.com\/index.php\/category\/recept-sous-chefa-darka\/"},"img":{"alt_text":"","src":"https:\/\/i0.wp.com\/www.damjanveber.com\/wp-content\/uploads\/2022\/10\/img_6703-scaled.jpg?fit=1200%2C900&ssl=1&resize=350%2C200","width":350,"height":200,"srcset":"https:\/\/i0.wp.com\/www.damjanveber.com\/wp-content\/uploads\/2022\/10\/img_6703-scaled.jpg?fit=1200%2C900&ssl=1&resize=350%2C200 1x, https:\/\/i0.wp.com\/www.damjanveber.com\/wp-content\/uploads\/2022\/10\/img_6703-scaled.jpg?fit=1200%2C900&ssl=1&resize=525%2C300 1.5x, https:\/\/i0.wp.com\/www.damjanveber.com\/wp-content\/uploads\/2022\/10\/img_6703-scaled.jpg?fit=1200%2C900&ssl=1&resize=700%2C400 2x, https:\/\/i0.wp.com\/www.damjanveber.com\/wp-content\/uploads\/2022\/10\/img_6703-scaled.jpg?fit=1200%2C900&ssl=1&resize=1050%2C600 3x"},"classes":[]},{"id":281,"url":"https:\/\/www.damjanveber.com\/index.php\/2022\/10\/13\/pejd-u-k-pa-ta-tr\/","url_meta":{"origin":313,"position":2},"title":"Pejd u k* pa ta TR","author":"admin","date":"13. oktobra, 2022","format":false,"excerpt":"Danes v kuhni spet kaoti\u010dno. Natakarji so besni, vsake 5 minut kli\u010dejo za teden restavracij (TR). Kaj je res te\u017eko razmet, da restavracije nimajo ni\u010d s tem. Vse rezervacije potekajo preko spletne strani https:\/\/www.vivi.si in samo tu se lahko naro\u010di za mizo. Kako poteka pa povezava med vivi in restavracijami\u2026","rel":"","context":"In &quot;Kar tako&quot;","block_context":{"text":"Kar tako","link":"https:\/\/www.damjanveber.com\/index.php\/category\/kar-tako\/"},"img":{"alt_text":"","src":"https:\/\/i0.wp.com\/www.damjanveber.com\/wp-content\/uploads\/2022\/10\/img_2598-scaled.jpg?fit=900%2C1200&ssl=1&resize=350%2C200","width":350,"height":200,"srcset":"https:\/\/i0.wp.com\/www.damjanveber.com\/wp-content\/uploads\/2022\/10\/img_2598-scaled.jpg?fit=900%2C1200&ssl=1&resize=350%2C200 1x, https:\/\/i0.wp.com\/www.damjanveber.com\/wp-content\/uploads\/2022\/10\/img_2598-scaled.jpg?fit=900%2C1200&ssl=1&resize=525%2C300 1.5x, https:\/\/i0.wp.com\/www.damjanveber.com\/wp-content\/uploads\/2022\/10\/img_2598-scaled.jpg?fit=900%2C1200&ssl=1&resize=700%2C400 2x"},"classes":[]},{"id":284,"url":"https:\/\/www.damjanveber.com\/index.php\/2022\/10\/14\/danes-se-pricne-tr\/","url_meta":{"origin":313,"position":3},"title":"Danes se pri\u010dne TR","author":"admin","date":"14. oktobra, 2022","format":false,"excerpt":"Zjutraj ob 600 \u017ee opravim plavanje. Potlej letim v Shambalo. Priprave na TR (teden restavracij na polno). Pridejo prvo gosti, \u0161e dokaj normalno, ni polno zasedeno. Ob 15.30 pa \u017ee pravi masaker, restavracija je polna, v kuhni en \u010dez druzga. \u0160e dobr da sem kon\u010dal, tud midva z \u017eeno sva\u2026","rel":"","context":"In &quot;Kar tako&quot;","block_context":{"text":"Kar tako","link":"https:\/\/www.damjanveber.com\/index.php\/category\/kar-tako\/"},"img":{"alt_text":"","src":"https:\/\/i0.wp.com\/www.damjanveber.com\/wp-content\/uploads\/2022\/10\/img_2603-scaled.jpg?fit=900%2C1200&ssl=1&resize=350%2C200","width":350,"height":200,"srcset":"https:\/\/i0.wp.com\/www.damjanveber.com\/wp-content\/uploads\/2022\/10\/img_2603-scaled.jpg?fit=900%2C1200&ssl=1&resize=350%2C200 1x, https:\/\/i0.wp.com\/www.damjanveber.com\/wp-content\/uploads\/2022\/10\/img_2603-scaled.jpg?fit=900%2C1200&ssl=1&resize=525%2C300 1.5x, https:\/\/i0.wp.com\/www.damjanveber.com\/wp-content\/uploads\/2022\/10\/img_2603-scaled.jpg?fit=900%2C1200&ssl=1&resize=700%2C400 2x"},"classes":[]},{"id":321,"url":"https:\/\/www.damjanveber.com\/index.php\/2022\/10\/18\/whiskey-defustacija\/","url_meta":{"origin":313,"position":4},"title":"Irish Whiskey degustacija","author":"admin","date":"18. oktobra, 2022","format":false,"excerpt":"Danes v Shambali plating. Po sihtu pa se odpravim na degustacijo Irish Whiskey Teeling v Sky Bar Borbona na TR3. Zanimivo je sli\u0161ati zgodovino, priporo\u010dam. \u0160e 10 let nazaj so bile samo 4 destilarne v Dublinu, danes pa jih je preko 40. Ste vedeli zakaj so skoraj vse destiralne izumrle\u2026","rel":"","context":"In &quot;Kar tako&quot;","block_context":{"text":"Kar tako","link":"https:\/\/www.damjanveber.com\/index.php\/category\/kar-tako\/"},"img":{"alt_text":"","src":"https:\/\/i0.wp.com\/www.damjanveber.com\/wp-content\/uploads\/2022\/10\/img_2642-scaled.jpg?fit=900%2C1200&ssl=1&resize=350%2C200","width":350,"height":200,"srcset":"https:\/\/i0.wp.com\/www.damjanveber.com\/wp-content\/uploads\/2022\/10\/img_2642-scaled.jpg?fit=900%2C1200&ssl=1&resize=350%2C200 1x, https:\/\/i0.wp.com\/www.damjanveber.com\/wp-content\/uploads\/2022\/10\/img_2642-scaled.jpg?fit=900%2C1200&ssl=1&resize=525%2C300 1.5x, https:\/\/i0.wp.com\/www.damjanveber.com\/wp-content\/uploads\/2022\/10\/img_2642-scaled.jpg?fit=900%2C1200&ssl=1&resize=700%2C400 2x"},"classes":[]},{"id":583,"url":"https:\/\/www.damjanveber.com\/index.php\/2022\/12\/13\/kraja-v-naselju\/","url_meta":{"origin":313,"position":5},"title":"Kraja v naselju","author":"admin","date":"13. decembra, 2022","format":false,"excerpt":"Zjutraj me kli\u010de sosed, daj mal kamero poglej, meni so komplet orodja iz kombija odnesl. Pa to ni eno orodje, to je Makita, ki je vredno par tiso\u010d EUR. In res pregledam kamere, okol 3.30 ure 4 neznane osebe gladko hodijo po naselju in preverjajo kaj je za ukrast. Pri\u2026","rel":"","context":"In &quot;Kdo je tu nor?&quot;","block_context":{"text":"Kdo je tu nor?","link":"https:\/\/www.damjanveber.com\/index.php\/category\/kdo-je-tu-nor\/"},"img":{"alt_text":"","src":"https:\/\/i0.wp.com\/www.damjanveber.com\/wp-content\/uploads\/2022\/12\/1.jpg?fit=1200%2C730&ssl=1&resize=350%2C200","width":350,"height":200,"srcset":"https:\/\/i0.wp.com\/www.damjanveber.com\/wp-content\/uploads\/2022\/12\/1.jpg?fit=1200%2C730&ssl=1&resize=350%2C200 1x, https:\/\/i0.wp.com\/www.damjanveber.com\/wp-content\/uploads\/2022\/12\/1.jpg?fit=1200%2C730&ssl=1&resize=525%2C300 1.5x, https:\/\/i0.wp.com\/www.damjanveber.com\/wp-content\/uploads\/2022\/12\/1.jpg?fit=1200%2C730&ssl=1&resize=700%2C400 2x, https:\/\/i0.wp.com\/www.damjanveber.com\/wp-content\/uploads\/2022\/12\/1.jpg?fit=1200%2C730&ssl=1&resize=1050%2C600 3x"},"classes":[]}],"jetpack_sharing_enabled":true,"_links":{"self":[{"href":"https:\/\/www.damjanveber.com\/index.php\/wp-json\/wp\/v2\/posts\/313","targetHints":{"allow":["GET"]}}],"collection":[{"href":"https:\/\/www.damjanveber.com\/index.php\/wp-json\/wp\/v2\/posts"}],"about":[{"href":"https:\/\/www.damjanveber.com\/index.php\/wp-json\/wp\/v2\/types\/post"}],"author":[{"embeddable":true,"href":"https:\/\/www.damjanveber.com\/index.php\/wp-json\/wp\/v2\/users\/1"}],"replies":[{"embeddable":true,"href":"https:\/\/www.damjanveber.com\/index.php\/wp-json\/wp\/v2\/comments?post=313"}],"version-history":[{"count":0,"href":"https:\/\/www.damjanveber.com\/index.php\/wp-json\/wp\/v2\/posts\/313\/revisions"}],"wp:featuredmedia":[{"embeddable":true,"href":"https:\/\/www.damjanveber.com\/index.php\/wp-json\/wp\/v2\/media\/312"}],"wp:attachment":[{"href":"https:\/\/www.damjanveber.com\/index.php\/wp-json\/wp\/v2\/media?parent=313"}],"wp:term":[{"taxonomy":"category","embeddable":true,"href":"https:\/\/www.damjanveber.com\/index.php\/wp-json\/wp\/v2\/categories?post=313"},{"taxonomy":"post_tag","embeddable":true,"href":"https:\/\/www.damjanveber.com\/index.php\/wp-json\/wp\/v2\/tags?post=313"}],"curies":[{"name":"wp","href":"https:\/\/api.w.org\/{rel}","templated":true}]}}