{"id":372,"date":"2022-11-01T06:44:00","date_gmt":"2022-11-01T04:44:00","guid":{"rendered":"https:\/\/www.damjanveber.com\/?p=372"},"modified":"2022-11-11T13:31:14","modified_gmt":"2022-11-11T11:31:14","slug":"prvi-dan-dopusta-prvi-zaplet","status":"publish","type":"post","link":"https:\/\/www.damjanveber.com\/index.php\/2022\/11\/01\/prvi-dan-dopusta-prvi-zaplet\/","title":{"rendered":"Prvi dan dopusta, prvi zaplet"},"content":{"rendered":"\n<p>Po celodnevnem potovanju v nedeljo prispemo v ponedeljek pono\u010di na Fuerteventura. Takoj po pristanku nas \u010daka presene\u010denje, rentacar je napa\u010dno rezerviran. Imeli smo rezervacijo od sobote, ker pa je bil let storniran, smo pozabili zamakniti rezervacijo na dan kasneje. Na sre\u010dno ni ve\u010d te\u017eav z najemi kot v \u010dasu Covida, z veseljem so nam posodili drugi avto seveda z vi\u0161jo ceno.<\/p>\n\n\n\n<p>Potlej pa pridemo do mojega avta, ki je en mesec stal na parkiri\u0161\u010du. Posku\u0161am ga v\u017egati pa ne gre, uff to pa bo zaplet.. \u0160e sre\u010da, da ima prijatelj gostilno <a href=\"https:\/\/www.tripadvisor.com\/Restaurant_Review-g580322-d3250390-Reviews-Tantaluna-Corralejo_La_Oliva_Fuerteventura_Canary_Islands.html\" target=\"_blank\" rel=\"noopener\" title=\"Tantaluna\">Tantaluna<\/a> v Corralejo in je \u0161e pokonci. Posodi me kleme, tako da si s kabli pomagamo in avto pripeljemo domu.<\/p>\n","protected":false},"excerpt":{"rendered":"<p>Po celodnevnem potovanju v nedeljo prispemo v ponedeljek pono\u010di na Fuerteventura. Takoj po pristanku nas \u010daka presene\u010denje, rentacar je napa\u010dno rezerviran. Imeli smo rezervacijo od sobote, ker pa je bil let storniran, smo pozabili zamakniti rezervacijo na dan kasneje. Na sre\u010dno ni ve\u010d te\u017eav z najemi kot v \u010dasu Covida, z veseljem so nam posodili [&hellip;]<\/p>\n","protected":false},"author":1,"featured_media":376,"comment_status":"open","ping_status":"open","sticky":false,"template":"","format":"standard","meta":{"om_disable_all_campaigns":false,"_monsterinsights_skip_tracking":false,"_monsterinsights_sitenote_active":false,"_monsterinsights_sitenote_note":"","_monsterinsights_sitenote_category":0,"_jetpack_memberships_contains_paid_content":false,"footnotes":"","jetpack_publicize_message":"","jetpack_publicize_feature_enabled":true,"jetpack_social_post_already_shared":true,"jetpack_social_options":{"image_generator_settings":{"template":"highway","default_image_id":0,"enabled":false},"version":2}},"categories":[18],"tags":[],"class_list":["post-372","post","type-post","status-publish","format-standard","has-post-thumbnail","hentry","category-saj-ni-res-pa-je"],"aioseo_notices":[],"jetpack_publicize_connections":[],"jetpack_featured_media_url":"https:\/\/i0.wp.com\/www.damjanveber.com\/wp-content\/uploads\/2022\/11\/img_2705-scaled.jpg?fit=1920%2C2560&ssl=1","jetpack-related-posts":[{"id":11,"url":"https:\/\/www.damjanveber.com\/index.php\/2022\/09\/09\/petek-22-9-2022\/","url_meta":{"origin":372,"position":0},"title":"Prvi razgovor za delo v kuhinji","author":"admin","date":"9. septembra, 2022","format":false,"excerpt":"Za za\u010detek se odlo\u010dim, da bom pomagal v kuhinji, kjer bi delal pro-bomo in s tem nabiral izku\u0161nje v kuhinji. Ob 15.00 uri imam \u017ee prvi razgovor v Shambali. To je azijska restavracija, katere lastnik je moj prijatelj Denis. Skupaj z \u017eeno se odpraviva v center Ljubljane. Na sestanku nas\u2026","rel":"","context":"In &quot;Kar tako&quot;","block_context":{"text":"Kar tako","link":"https:\/\/www.damjanveber.com\/index.php\/category\/kar-tako\/"},"img":{"alt_text":"","src":"https:\/\/i0.wp.com\/www.damjanveber.com\/wp-content\/uploads\/2022\/09\/62663B11-CAE4-4C81-91DD-69875E2D0A8E-scaled.jpeg?fit=900%2C1200&ssl=1&resize=350%2C200","width":350,"height":200,"srcset":"https:\/\/i0.wp.com\/www.damjanveber.com\/wp-content\/uploads\/2022\/09\/62663B11-CAE4-4C81-91DD-69875E2D0A8E-scaled.jpeg?fit=900%2C1200&ssl=1&resize=350%2C200 1x, https:\/\/i0.wp.com\/www.damjanveber.com\/wp-content\/uploads\/2022\/09\/62663B11-CAE4-4C81-91DD-69875E2D0A8E-scaled.jpeg?fit=900%2C1200&ssl=1&resize=525%2C300 1.5x, https:\/\/i0.wp.com\/www.damjanveber.com\/wp-content\/uploads\/2022\/09\/62663B11-CAE4-4C81-91DD-69875E2D0A8E-scaled.jpeg?fit=900%2C1200&ssl=1&resize=700%2C400 2x"},"classes":[]},{"id":452,"url":"https:\/\/www.damjanveber.com\/index.php\/2022\/11\/20\/nedelja-prvi-worldcup-fuzbal\/","url_meta":{"origin":372,"position":1},"title":"Nedelja, prvi WorldCup fuzbal","author":"admin","date":"20. novembra, 2022","format":false,"excerpt":"Za\u010delo se je svetovno prvenstvo nogometa v Quatarju. Zjutraj \u0161ibam na Tenerife, kjer ima Tim tekmo. Tekma je na jugu Tenerifov. Dobr, so zgubili z 0:1, ampak Tim je dobro igral. Po tekmi \u0161ibava v Las Americas, ta slovi po mnogih barih in \u017eurkah na jugu Tenerofov. Tam bova ziher\u2026","rel":"","context":"In &quot;Kar tako&quot;","block_context":{"text":"Kar tako","link":"https:\/\/www.damjanveber.com\/index.php\/category\/kar-tako\/"},"img":{"alt_text":"","src":"https:\/\/i0.wp.com\/www.damjanveber.com\/wp-content\/uploads\/2022\/11\/266629CD-ED72-4391-A71A-F1732B118856-scaled.jpeg?fit=1200%2C900&ssl=1&resize=350%2C200","width":350,"height":200,"srcset":"https:\/\/i0.wp.com\/www.damjanveber.com\/wp-content\/uploads\/2022\/11\/266629CD-ED72-4391-A71A-F1732B118856-scaled.jpeg?fit=1200%2C900&ssl=1&resize=350%2C200 1x, https:\/\/i0.wp.com\/www.damjanveber.com\/wp-content\/uploads\/2022\/11\/266629CD-ED72-4391-A71A-F1732B118856-scaled.jpeg?fit=1200%2C900&ssl=1&resize=525%2C300 1.5x, https:\/\/i0.wp.com\/www.damjanveber.com\/wp-content\/uploads\/2022\/11\/266629CD-ED72-4391-A71A-F1732B118856-scaled.jpeg?fit=1200%2C900&ssl=1&resize=700%2C400 2x, https:\/\/i0.wp.com\/www.damjanveber.com\/wp-content\/uploads\/2022\/11\/266629CD-ED72-4391-A71A-F1732B118856-scaled.jpeg?fit=1200%2C900&ssl=1&resize=1050%2C600 3x"},"classes":[]},{"id":398,"url":"https:\/\/www.damjanveber.com\/index.php\/2022\/11\/06\/okusni-burger-po-tekmi\/","url_meta":{"origin":372,"position":2},"title":"Okusni burger po tekmi","author":"admin","date":"6. novembra, 2022","format":false,"excerpt":"Nedelja, Tim ima tekmo. Odli\u010dna tekma, tudi Tim igra na tekmi. Na koncu zmagajo s 4:3. Po tekmi \u0161ibamo na burger. Po tripadvisor i\u0161\u010dem najbolj\u0161o restavracijo z burgerji. Pridemo na lokacijo, restavracije ni, OK, gremo naprej, i\u0161\u010dem po Google maps. Pridemo do lokacije tudi po Google maps te restavracije ni,\u2026","rel":"","context":"In &quot;Gourmet&quot;","block_context":{"text":"Gourmet","link":"https:\/\/www.damjanveber.com\/index.php\/category\/gourmet\/"},"img":{"alt_text":"","src":"https:\/\/i0.wp.com\/www.damjanveber.com\/wp-content\/uploads\/2022\/11\/IMG_2759-scaled.jpg?fit=1200%2C900&ssl=1&resize=350%2C200","width":350,"height":200,"srcset":"https:\/\/i0.wp.com\/www.damjanveber.com\/wp-content\/uploads\/2022\/11\/IMG_2759-scaled.jpg?fit=1200%2C900&ssl=1&resize=350%2C200 1x, https:\/\/i0.wp.com\/www.damjanveber.com\/wp-content\/uploads\/2022\/11\/IMG_2759-scaled.jpg?fit=1200%2C900&ssl=1&resize=525%2C300 1.5x, https:\/\/i0.wp.com\/www.damjanveber.com\/wp-content\/uploads\/2022\/11\/IMG_2759-scaled.jpg?fit=1200%2C900&ssl=1&resize=700%2C400 2x, https:\/\/i0.wp.com\/www.damjanveber.com\/wp-content\/uploads\/2022\/11\/IMG_2759-scaled.jpg?fit=1200%2C900&ssl=1&resize=1050%2C600 3x"},"classes":[]},{"id":77,"url":"https:\/\/www.damjanveber.com\/index.php\/2022\/09\/12\/prvi-dan-v-sluzbi\/","url_meta":{"origin":372,"position":3},"title":"Prvi dan v slu\u017ebi :)","author":"admin","date":"12. septembra, 2022","format":false,"excerpt":"Zjutraj ob 8.00 sem pri Shambali. Pred Shambalo nekaj snemajo. Kaj pa je zdaj to pomislim, kaj mi je \u017eena spet kaj na\u0161timala, upam, da to ne \u010dakajo name, za masterchef ka\u0161ne priprave ?!. Grem mimo in opazim, da snemajo reklamo za nekega glasbenika, vse ok. Pridem do Shambale, povsod\u2026","rel":"","context":"In &quot;Kar tako&quot;","block_context":{"text":"Kar tako","link":"https:\/\/www.damjanveber.com\/index.php\/category\/kar-tako\/"},"img":{"alt_text":"","src":"https:\/\/i0.wp.com\/www.damjanveber.com\/wp-content\/uploads\/2022\/10\/IMG_2272-scaled.jpg?fit=1200%2C900&ssl=1&resize=350%2C200","width":350,"height":200,"srcset":"https:\/\/i0.wp.com\/www.damjanveber.com\/wp-content\/uploads\/2022\/10\/IMG_2272-scaled.jpg?fit=1200%2C900&ssl=1&resize=350%2C200 1x, https:\/\/i0.wp.com\/www.damjanveber.com\/wp-content\/uploads\/2022\/10\/IMG_2272-scaled.jpg?fit=1200%2C900&ssl=1&resize=525%2C300 1.5x, https:\/\/i0.wp.com\/www.damjanveber.com\/wp-content\/uploads\/2022\/10\/IMG_2272-scaled.jpg?fit=1200%2C900&ssl=1&resize=700%2C400 2x, https:\/\/i0.wp.com\/www.damjanveber.com\/wp-content\/uploads\/2022\/10\/IMG_2272-scaled.jpg?fit=1200%2C900&ssl=1&resize=1050%2C600 3x"},"classes":[]},{"id":466,"url":"https:\/\/www.damjanveber.com\/index.php\/2022\/11\/24\/eset-dogodek-za-sponzorje\/","url_meta":{"origin":372,"position":4},"title":"Eset dogodek za sponzorje","author":"admin","date":"24. novembra, 2022","format":false,"excerpt":"Kot ponosni sponzor slovenske smu\u010darske reprezentance imamo tudi dogodke. V sklopu tega so tudi dogodki. Nazadnje sem rekel na\u0161emu organizatorju: \"Jo\u017eko z vsem spo\u0161tovanjem, ampak na pa\u0161tetke pa ne bom ve\u010d hodil\". Pa je rekel \"\u010duj, pa naslednje sre\u010danje naredimo pri vas\". Dogodek je bil namre\u010d v Droga Kolinska, kjer\u2026","rel":"","context":"In &quot;Kar tako&quot;","block_context":{"text":"Kar tako","link":"https:\/\/www.damjanveber.com\/index.php\/category\/kar-tako\/"},"img":{"alt_text":"","src":"https:\/\/i0.wp.com\/www.damjanveber.com\/wp-content\/uploads\/2022\/11\/IMG_6077-scaled.jpg?fit=900%2C1200&ssl=1&resize=350%2C200","width":350,"height":200,"srcset":"https:\/\/i0.wp.com\/www.damjanveber.com\/wp-content\/uploads\/2022\/11\/IMG_6077-scaled.jpg?fit=900%2C1200&ssl=1&resize=350%2C200 1x, https:\/\/i0.wp.com\/www.damjanveber.com\/wp-content\/uploads\/2022\/11\/IMG_6077-scaled.jpg?fit=900%2C1200&ssl=1&resize=525%2C300 1.5x, https:\/\/i0.wp.com\/www.damjanveber.com\/wp-content\/uploads\/2022\/11\/IMG_6077-scaled.jpg?fit=900%2C1200&ssl=1&resize=700%2C400 2x"},"classes":[]},{"id":281,"url":"https:\/\/www.damjanveber.com\/index.php\/2022\/10\/13\/pejd-u-k-pa-ta-tr\/","url_meta":{"origin":372,"position":5},"title":"Pejd u k* pa ta TR","author":"admin","date":"13. oktobra, 2022","format":false,"excerpt":"Danes v kuhni spet kaoti\u010dno. Natakarji so besni, vsake 5 minut kli\u010dejo za teden restavracij (TR). Kaj je res te\u017eko razmet, da restavracije nimajo ni\u010d s tem. Vse rezervacije potekajo preko spletne strani https:\/\/www.vivi.si in samo tu se lahko naro\u010di za mizo. Kako poteka pa povezava med vivi in restavracijami\u2026","rel":"","context":"In &quot;Kar tako&quot;","block_context":{"text":"Kar tako","link":"https:\/\/www.damjanveber.com\/index.php\/category\/kar-tako\/"},"img":{"alt_text":"","src":"https:\/\/i0.wp.com\/www.damjanveber.com\/wp-content\/uploads\/2022\/10\/img_2598-scaled.jpg?fit=900%2C1200&ssl=1&resize=350%2C200","width":350,"height":200,"srcset":"https:\/\/i0.wp.com\/www.damjanveber.com\/wp-content\/uploads\/2022\/10\/img_2598-scaled.jpg?fit=900%2C1200&ssl=1&resize=350%2C200 1x, https:\/\/i0.wp.com\/www.damjanveber.com\/wp-content\/uploads\/2022\/10\/img_2598-scaled.jpg?fit=900%2C1200&ssl=1&resize=525%2C300 1.5x, https:\/\/i0.wp.com\/www.damjanveber.com\/wp-content\/uploads\/2022\/10\/img_2598-scaled.jpg?fit=900%2C1200&ssl=1&resize=700%2C400 2x"},"classes":[]}],"jetpack_sharing_enabled":true,"_links":{"self":[{"href":"https:\/\/www.damjanveber.com\/index.php\/wp-json\/wp\/v2\/posts\/372","targetHints":{"allow":["GET"]}}],"collection":[{"href":"https:\/\/www.damjanveber.com\/index.php\/wp-json\/wp\/v2\/posts"}],"about":[{"href":"https:\/\/www.damjanveber.com\/index.php\/wp-json\/wp\/v2\/types\/post"}],"author":[{"embeddable":true,"href":"https:\/\/www.damjanveber.com\/index.php\/wp-json\/wp\/v2\/users\/1"}],"replies":[{"embeddable":true,"href":"https:\/\/www.damjanveber.com\/index.php\/wp-json\/wp\/v2\/comments?post=372"}],"version-history":[{"count":1,"href":"https:\/\/www.damjanveber.com\/index.php\/wp-json\/wp\/v2\/posts\/372\/revisions"}],"predecessor-version":[{"id":373,"href":"https:\/\/www.damjanveber.com\/index.php\/wp-json\/wp\/v2\/posts\/372\/revisions\/373"}],"wp:featuredmedia":[{"embeddable":true,"href":"https:\/\/www.damjanveber.com\/index.php\/wp-json\/wp\/v2\/media\/376"}],"wp:attachment":[{"href":"https:\/\/www.damjanveber.com\/index.php\/wp-json\/wp\/v2\/media?parent=372"}],"wp:term":[{"taxonomy":"category","embeddable":true,"href":"https:\/\/www.damjanveber.com\/index.php\/wp-json\/wp\/v2\/categories?post=372"},{"taxonomy":"post_tag","embeddable":true,"href":"https:\/\/www.damjanveber.com\/index.php\/wp-json\/wp\/v2\/tags?post=372"}],"curies":[{"name":"wp","href":"https:\/\/api.w.org\/{rel}","templated":true}]}}