{"id":382,"date":"2022-11-02T13:43:00","date_gmt":"2022-11-02T11:43:00","guid":{"rendered":"https:\/\/www.damjanveber.com\/index.php\/2022\/11\/02\/presenecenje-za-rojstni-dan\/"},"modified":"2022-11-11T14:24:58","modified_gmt":"2022-11-11T12:24:58","slug":"presenecenje-za-rojstni-dan","status":"publish","type":"post","link":"https:\/\/www.damjanveber.com\/index.php\/2022\/11\/02\/presenecenje-za-rojstni-dan\/","title":{"rendered":"Presene\u010denje za rojstni dan"},"content":{"rendered":"\n<p>Zjutraj se odpravimo v Corralejo, kjer naj bi pogledali en \u010doln, ki se prodaja. \u010cakamo ve\u010d kot pol ure, majstra ki prodaja pa od nikoder. Dovolj imam, jaz se grem v lokal in spit en kafe. Z \u017eeno si privo\u0161\u010diva zame najbolj\u0161i kafe-Cafe leche leche, dobi se ga samo na kanarskih otokih. V bistvu gre za eno varianto capuciina, kjer na koncu dodajo \u0161e kondenzat.<\/p>\n\n\n\n<figure class=\"wp-block-image size-large\"><img data-recalc-dims=\"1\" loading=\"lazy\" decoding=\"async\" width=\"640\" height=\"447\" src=\"https:\/\/i0.wp.com\/www.damjanveber.com\/wp-content\/uploads\/2022\/11\/img_2806.jpg?resize=640%2C447&#038;ssl=1\" alt=\"\" class=\"wp-image-381\" srcset=\"https:\/\/i0.wp.com\/www.damjanveber.com\/wp-content\/uploads\/2022\/11\/img_2806.jpg?w=640&amp;ssl=1 640w, https:\/\/i0.wp.com\/www.damjanveber.com\/wp-content\/uploads\/2022\/11\/img_2806.jpg?resize=300%2C210&amp;ssl=1 300w\" sizes=\"auto, (max-width: 640px) 100vw, 640px\" \/><\/figure>\n\n\n\n<p>Po 10 minitah me \u010daka presene\u010denje, vsi prijatelji pridejo v rumenih majicah Jumbo Visma-DKK team. Gremo na katamaran, to je \u017eenino darilo za moj rojstni dan.  Moja \u017eena pa res zna, hvala Petra!<\/p>\n\n\n\n<p>DKK (dru\u0161tvo kolesarskih kronikov, klub, ki smo ga lanako leto ustanovili s Kranjci)<\/p>\n\n\n\n<figure class=\"wp-block-image size-large\"><img data-recalc-dims=\"1\" loading=\"lazy\" decoding=\"async\" width=\"900\" height=\"675\" src=\"https:\/\/i0.wp.com\/www.damjanveber.com\/wp-content\/uploads\/2022\/11\/img_2713.jpg?resize=900%2C675&#038;ssl=1\" alt=\"\" class=\"wp-image-383\" srcset=\"https:\/\/i0.wp.com\/www.damjanveber.com\/wp-content\/uploads\/2022\/11\/img_2713-scaled.jpg?resize=1024%2C768&amp;ssl=1 1024w, https:\/\/i0.wp.com\/www.damjanveber.com\/wp-content\/uploads\/2022\/11\/img_2713-scaled.jpg?resize=300%2C225&amp;ssl=1 300w, https:\/\/i0.wp.com\/www.damjanveber.com\/wp-content\/uploads\/2022\/11\/img_2713-scaled.jpg?resize=768%2C576&amp;ssl=1 768w, https:\/\/i0.wp.com\/www.damjanveber.com\/wp-content\/uploads\/2022\/11\/img_2713-scaled.jpg?resize=1536%2C1152&amp;ssl=1 1536w, https:\/\/i0.wp.com\/www.damjanveber.com\/wp-content\/uploads\/2022\/11\/img_2713-scaled.jpg?resize=2048%2C1536&amp;ssl=1 2048w, https:\/\/i0.wp.com\/www.damjanveber.com\/wp-content\/uploads\/2022\/11\/img_2713-scaled.jpg?w=1800&amp;ssl=1 1800w\" sizes=\"auto, (max-width: 900px) 100vw, 900px\" \/><\/figure>\n","protected":false},"excerpt":{"rendered":"<p>Zjutraj se odpravimo v Corralejo, kjer naj bi pogledali en \u010doln, ki se prodaja. \u010cakamo ve\u010d kot pol ure, majstra ki prodaja pa od nikoder. Dovolj imam, jaz se grem v lokal in spit en kafe. Z \u017eeno si privo\u0161\u010diva zame najbolj\u0161i kafe-Cafe leche leche, dobi se ga samo na kanarskih otokih. V bistvu gre [&hellip;]<\/p>\n","protected":false},"author":1,"featured_media":390,"comment_status":"open","ping_status":"open","sticky":false,"template":"","format":"standard","meta":{"om_disable_all_campaigns":false,"_monsterinsights_skip_tracking":false,"_monsterinsights_sitenote_active":false,"_monsterinsights_sitenote_note":"","_monsterinsights_sitenote_category":0,"_jetpack_memberships_contains_paid_content":false,"footnotes":"","jetpack_publicize_message":"","jetpack_publicize_feature_enabled":true,"jetpack_social_post_already_shared":true,"jetpack_social_options":{"image_generator_settings":{"template":"highway","default_image_id":0,"enabled":false},"version":2}},"categories":[1],"tags":[],"class_list":["post-382","post","type-post","status-publish","format-standard","has-post-thumbnail","hentry","category-kar-tako"],"aioseo_notices":[],"jetpack_publicize_connections":[],"jetpack_featured_media_url":"https:\/\/i0.wp.com\/www.damjanveber.com\/wp-content\/uploads\/2022\/11\/img_5858-scaled.jpg?fit=2560%2C1920&ssl=1","jetpack-related-posts":[{"id":159,"url":"https:\/\/www.damjanveber.com\/index.php\/2022\/09\/22\/tima-presenetiva-z-obiskom-pri-njem-na-tenerife\/","url_meta":{"origin":382,"position":0},"title":"Tima presenetiva z obiskom pri njem na Tenerife","author":"admin","date":"22. septembra, 2022","format":false,"excerpt":"Tim ima rojstni dan. Za presene\u010denje ga obi\u0161\u010deva z Markom pri njem na Tenerife. Zgodaj zjutraj se odpraviva na letali\u0161\u010de Dunaj. Spet sem pozen in ti\u0161\u010dim po gasu in verjetn bom spet dobil kak\u0161en radar za pla\u010dat. Vmes posku\u0161am rezervirari parking na letali\u0161\u010du a je vse rezervirano. Kot ponavadi me\u2026","rel":"","context":"In &quot;Gadget&quot;","block_context":{"text":"Gadget","link":"https:\/\/www.damjanveber.com\/index.php\/category\/gadget\/"},"img":{"alt_text":"","src":"https:\/\/i0.wp.com\/www.damjanveber.com\/wp-content\/uploads\/2022\/09\/C8D5DCD8-366E-4D4A-A2D0-DB404A9E241C-scaled.jpeg?fit=900%2C1200&ssl=1&resize=350%2C200","width":350,"height":200,"srcset":"https:\/\/i0.wp.com\/www.damjanveber.com\/wp-content\/uploads\/2022\/09\/C8D5DCD8-366E-4D4A-A2D0-DB404A9E241C-scaled.jpeg?fit=900%2C1200&ssl=1&resize=350%2C200 1x, https:\/\/i0.wp.com\/www.damjanveber.com\/wp-content\/uploads\/2022\/09\/C8D5DCD8-366E-4D4A-A2D0-DB404A9E241C-scaled.jpeg?fit=900%2C1200&ssl=1&resize=525%2C300 1.5x, https:\/\/i0.wp.com\/www.damjanveber.com\/wp-content\/uploads\/2022\/09\/C8D5DCD8-366E-4D4A-A2D0-DB404A9E241C-scaled.jpeg?fit=900%2C1200&ssl=1&resize=700%2C400 2x"},"classes":[]},{"id":247,"url":"https:\/\/www.damjanveber.com\/index.php\/2022\/10\/10\/pasta-s-panceto-korenjem-ingverjem-in-peperoncino-sirom\/","url_meta":{"origin":382,"position":1},"title":"Pa\u0161ta s panceto, korenjem, ingverjem..in kako se nekatere stvari nikoli ne spremenijo","author":"admin","date":"10. oktobra, 2022","format":false,"excerpt":"Zjutraj se odpravim v pisarno, kjer bova z Darkom kuhala pa\u0161to. Danes morava biti hitra saj Darko ravno menjava \u0161iht in gre podpisat z novim delodajalcem. Tak je to s kuharji, \u010de ho\u010dejo napredovati morajo menjat \u0161iht, da se kaj nau\u010dijo. Na ponvi prepra\u017eimo \u010debulo in dodamo sladko, da karamelizira.\u2026","rel":"","context":"In &quot;Recept by Sous Chef Darko Salihi&quot;","block_context":{"text":"Recept by Sous Chef Darko Salihi","link":"https:\/\/www.damjanveber.com\/index.php\/category\/recept-sous-chefa-darka\/"},"img":{"alt_text":"","src":"https:\/\/i0.wp.com\/www.damjanveber.com\/wp-content\/uploads\/2022\/10\/img_6703-scaled.jpg?fit=1200%2C900&ssl=1&resize=350%2C200","width":350,"height":200,"srcset":"https:\/\/i0.wp.com\/www.damjanveber.com\/wp-content\/uploads\/2022\/10\/img_6703-scaled.jpg?fit=1200%2C900&ssl=1&resize=350%2C200 1x, https:\/\/i0.wp.com\/www.damjanveber.com\/wp-content\/uploads\/2022\/10\/img_6703-scaled.jpg?fit=1200%2C900&ssl=1&resize=525%2C300 1.5x, https:\/\/i0.wp.com\/www.damjanveber.com\/wp-content\/uploads\/2022\/10\/img_6703-scaled.jpg?fit=1200%2C900&ssl=1&resize=700%2C400 2x, https:\/\/i0.wp.com\/www.damjanveber.com\/wp-content\/uploads\/2022\/10\/img_6703-scaled.jpg?fit=1200%2C900&ssl=1&resize=1050%2C600 3x"},"classes":[]},{"id":90,"url":"https:\/\/www.damjanveber.com\/index.php\/2022\/09\/15\/v-sluzbi-nova-ekipa\/","url_meta":{"origin":382,"position":2},"title":"V slu\u017ebi nova ekipa","author":"admin","date":"15. septembra, 2022","format":false,"excerpt":"Danes sem v slu\u017ebi z novo ekipo. \u017de takoj me \u010daka presene\u010denje, Sanja, ki pripravlja hladne jedi je nastrojena. Vse kar pove zveni kot ukaz oz. v normalnem kolektivu se danes to imenuje mobing. Pa spet i\u0161\u010dem krompir po restavraciji in ga ne najdem. Ko pridem praznih rok mi zabrusi:\u2026","rel":"","context":"In &quot;Kar tako&quot;","block_context":{"text":"Kar tako","link":"https:\/\/www.damjanveber.com\/index.php\/category\/kar-tako\/"},"img":{"alt_text":"","src":"https:\/\/i0.wp.com\/www.damjanveber.com\/wp-content\/uploads\/2022\/09\/CA4AC213-D726-4EB2-A020-A32DDEA45F8A-scaled.jpeg?fit=900%2C1200&ssl=1&resize=350%2C200","width":350,"height":200,"srcset":"https:\/\/i0.wp.com\/www.damjanveber.com\/wp-content\/uploads\/2022\/09\/CA4AC213-D726-4EB2-A020-A32DDEA45F8A-scaled.jpeg?fit=900%2C1200&ssl=1&resize=350%2C200 1x, https:\/\/i0.wp.com\/www.damjanveber.com\/wp-content\/uploads\/2022\/09\/CA4AC213-D726-4EB2-A020-A32DDEA45F8A-scaled.jpeg?fit=900%2C1200&ssl=1&resize=525%2C300 1.5x, https:\/\/i0.wp.com\/www.damjanveber.com\/wp-content\/uploads\/2022\/09\/CA4AC213-D726-4EB2-A020-A32DDEA45F8A-scaled.jpeg?fit=900%2C1200&ssl=1&resize=700%2C400 2x"},"classes":[]},{"id":331,"url":"https:\/\/www.damjanveber.com\/index.php\/2022\/10\/21\/50letka\/","url_meta":{"origin":382,"position":3},"title":"50letka","author":"admin","date":"21. oktobra, 2022","format":false,"excerpt":"Spet sem \u0161el \u010dez svoje zdravje, kar ni OK. Danes pridejo sodelavci v Shambalo kaj fajnega pojest in preverit, \u010de sem res v Shambali. Zve\u010der me \u010daka pa \u0161e rojstni dan od kolega. Te\u017eka bo. Zjutraj se nafilam s tabletami in \u0161ibam v Shambalo. Pripravimo za prve goste TR, ki\u2026","rel":"","context":"In &quot;Kar tako&quot;","block_context":{"text":"Kar tako","link":"https:\/\/www.damjanveber.com\/index.php\/category\/kar-tako\/"},"img":{"alt_text":"","src":"https:\/\/i0.wp.com\/www.damjanveber.com\/wp-content\/uploads\/2022\/10\/TomazZnidaric50-104.jpg?fit=1200%2C800&ssl=1&resize=350%2C200","width":350,"height":200,"srcset":"https:\/\/i0.wp.com\/www.damjanveber.com\/wp-content\/uploads\/2022\/10\/TomazZnidaric50-104.jpg?fit=1200%2C800&ssl=1&resize=350%2C200 1x, https:\/\/i0.wp.com\/www.damjanveber.com\/wp-content\/uploads\/2022\/10\/TomazZnidaric50-104.jpg?fit=1200%2C800&ssl=1&resize=525%2C300 1.5x, https:\/\/i0.wp.com\/www.damjanveber.com\/wp-content\/uploads\/2022\/10\/TomazZnidaric50-104.jpg?fit=1200%2C800&ssl=1&resize=700%2C400 2x, https:\/\/i0.wp.com\/www.damjanveber.com\/wp-content\/uploads\/2022\/10\/TomazZnidaric50-104.jpg?fit=1200%2C800&ssl=1&resize=1050%2C600 3x"},"classes":[]},{"id":372,"url":"https:\/\/www.damjanveber.com\/index.php\/2022\/11\/01\/prvi-dan-dopusta-prvi-zaplet\/","url_meta":{"origin":382,"position":4},"title":"Prvi dan dopusta, prvi zaplet","author":"admin","date":"1. novembra, 2022","format":false,"excerpt":"Po celodnevnem potovanju v nedeljo prispemo v ponedeljek pono\u010di na Fuerteventura. Takoj po pristanku nas \u010daka presene\u010denje, rentacar je napa\u010dno rezerviran. Imeli smo rezervacijo od sobote, ker pa je bil let storniran, smo pozabili zamakniti rezervacijo na dan kasneje. Na sre\u010dno ni ve\u010d te\u017eav z najemi kot v \u010dasu Covida,\u2026","rel":"","context":"In &quot;Saj ni res pa je&quot;","block_context":{"text":"Saj ni res pa je","link":"https:\/\/www.damjanveber.com\/index.php\/category\/saj-ni-res-pa-je\/"},"img":{"alt_text":"","src":"https:\/\/i0.wp.com\/www.damjanveber.com\/wp-content\/uploads\/2022\/11\/img_2705-scaled.jpg?fit=900%2C1200&ssl=1&resize=350%2C200","width":350,"height":200,"srcset":"https:\/\/i0.wp.com\/www.damjanveber.com\/wp-content\/uploads\/2022\/11\/img_2705-scaled.jpg?fit=900%2C1200&ssl=1&resize=350%2C200 1x, https:\/\/i0.wp.com\/www.damjanveber.com\/wp-content\/uploads\/2022\/11\/img_2705-scaled.jpg?fit=900%2C1200&ssl=1&resize=525%2C300 1.5x, https:\/\/i0.wp.com\/www.damjanveber.com\/wp-content\/uploads\/2022\/11\/img_2705-scaled.jpg?fit=900%2C1200&ssl=1&resize=700%2C400 2x"},"classes":[]},{"id":77,"url":"https:\/\/www.damjanveber.com\/index.php\/2022\/09\/12\/prvi-dan-v-sluzbi\/","url_meta":{"origin":382,"position":5},"title":"Prvi dan v slu\u017ebi :)","author":"admin","date":"12. septembra, 2022","format":false,"excerpt":"Zjutraj ob 8.00 sem pri Shambali. Pred Shambalo nekaj snemajo. Kaj pa je zdaj to pomislim, kaj mi je \u017eena spet kaj na\u0161timala, upam, da to ne \u010dakajo name, za masterchef ka\u0161ne priprave ?!. Grem mimo in opazim, da snemajo reklamo za nekega glasbenika, vse ok. Pridem do Shambale, povsod\u2026","rel":"","context":"In &quot;Kar tako&quot;","block_context":{"text":"Kar tako","link":"https:\/\/www.damjanveber.com\/index.php\/category\/kar-tako\/"},"img":{"alt_text":"","src":"https:\/\/i0.wp.com\/www.damjanveber.com\/wp-content\/uploads\/2022\/10\/IMG_2272-scaled.jpg?fit=1200%2C900&ssl=1&resize=350%2C200","width":350,"height":200,"srcset":"https:\/\/i0.wp.com\/www.damjanveber.com\/wp-content\/uploads\/2022\/10\/IMG_2272-scaled.jpg?fit=1200%2C900&ssl=1&resize=350%2C200 1x, https:\/\/i0.wp.com\/www.damjanveber.com\/wp-content\/uploads\/2022\/10\/IMG_2272-scaled.jpg?fit=1200%2C900&ssl=1&resize=525%2C300 1.5x, https:\/\/i0.wp.com\/www.damjanveber.com\/wp-content\/uploads\/2022\/10\/IMG_2272-scaled.jpg?fit=1200%2C900&ssl=1&resize=700%2C400 2x, https:\/\/i0.wp.com\/www.damjanveber.com\/wp-content\/uploads\/2022\/10\/IMG_2272-scaled.jpg?fit=1200%2C900&ssl=1&resize=1050%2C600 3x"},"classes":[]}],"jetpack_sharing_enabled":true,"_links":{"self":[{"href":"https:\/\/www.damjanveber.com\/index.php\/wp-json\/wp\/v2\/posts\/382","targetHints":{"allow":["GET"]}}],"collection":[{"href":"https:\/\/www.damjanveber.com\/index.php\/wp-json\/wp\/v2\/posts"}],"about":[{"href":"https:\/\/www.damjanveber.com\/index.php\/wp-json\/wp\/v2\/types\/post"}],"author":[{"embeddable":true,"href":"https:\/\/www.damjanveber.com\/index.php\/wp-json\/wp\/v2\/users\/1"}],"replies":[{"embeddable":true,"href":"https:\/\/www.damjanveber.com\/index.php\/wp-json\/wp\/v2\/comments?post=382"}],"version-history":[{"count":2,"href":"https:\/\/www.damjanveber.com\/index.php\/wp-json\/wp\/v2\/posts\/382\/revisions"}],"predecessor-version":[{"id":385,"href":"https:\/\/www.damjanveber.com\/index.php\/wp-json\/wp\/v2\/posts\/382\/revisions\/385"}],"wp:featuredmedia":[{"embeddable":true,"href":"https:\/\/www.damjanveber.com\/index.php\/wp-json\/wp\/v2\/media\/390"}],"wp:attachment":[{"href":"https:\/\/www.damjanveber.com\/index.php\/wp-json\/wp\/v2\/media?parent=382"}],"wp:term":[{"taxonomy":"category","embeddable":true,"href":"https:\/\/www.damjanveber.com\/index.php\/wp-json\/wp\/v2\/categories?post=382"},{"taxonomy":"post_tag","embeddable":true,"href":"https:\/\/www.damjanveber.com\/index.php\/wp-json\/wp\/v2\/tags?post=382"}],"curies":[{"name":"wp","href":"https:\/\/api.w.org\/{rel}","templated":true}]}}