{"id":387,"date":"2022-11-03T14:05:00","date_gmt":"2022-11-03T12:05:00","guid":{"rendered":"https:\/\/www.damjanveber.com\/index.php\/2022\/11\/03\/bicikliranje-s-kranjcem\/"},"modified":"2022-11-03T14:05:00","modified_gmt":"2022-11-03T12:05:00","slug":"bicikliranje-s-kranjcem","status":"publish","type":"post","link":"https:\/\/www.damjanveber.com\/index.php\/2022\/11\/03\/bicikliranje-s-kranjcem\/","title":{"rendered":"Bicikliranje s Kranjcem"},"content":{"rendered":"\n<p>A pozna\u0161 ob\u010dutek, ko si utrujen k norc, ta drugi pa zraven bolj zeha? <\/p>\n\n\n\n<p>Tak je bilo, ko se odpravim na kolo z Robijem. To je tista razlika, ko je bil nekdo 30let v profesionalnem \u0161portu, drug pa sam v biznisu. <\/p>\n\n\n\n<p>Zjutraj se odpraviva na kolo, jaz sem ves \u010das sledil Robiju. Prekolesarila sva 70km. Na koncu sem imel jaz povpre\u010den pulz 160, Robi pa 120. Potreboval bom \u0161portno pavzo..<\/p>\n","protected":false},"excerpt":{"rendered":"<p>A pozna\u0161 ob\u010dutek, ko si utrujen k norc, ta drugi pa zraven bolj zeha? Tak je bilo, ko se odpravim na kolo z Robijem. To je tista razlika, ko je bil nekdo 30let v profesionalnem \u0161portu, drug pa sam v biznisu. Zjutraj se odpraviva na kolo, jaz sem ves \u010das sledil Robiju. Prekolesarila sva 70km. [&hellip;]<\/p>\n","protected":false},"author":1,"featured_media":386,"comment_status":"open","ping_status":"open","sticky":false,"template":"","format":"standard","meta":{"om_disable_all_campaigns":false,"_monsterinsights_skip_tracking":false,"_monsterinsights_sitenote_active":false,"_monsterinsights_sitenote_note":"","_monsterinsights_sitenote_category":0,"_jetpack_memberships_contains_paid_content":false,"footnotes":"","jetpack_publicize_message":"","jetpack_publicize_feature_enabled":true,"jetpack_social_post_already_shared":true,"jetpack_social_options":{"image_generator_settings":{"template":"highway","default_image_id":0,"enabled":false},"version":2}},"categories":[1],"tags":[],"class_list":["post-387","post","type-post","status-publish","format-standard","has-post-thumbnail","hentry","category-kar-tako"],"aioseo_notices":[],"jetpack_publicize_connections":[],"jetpack_featured_media_url":"https:\/\/i0.wp.com\/www.damjanveber.com\/wp-content\/uploads\/2022\/11\/img_2718-scaled.jpg?fit=2560%2C1920&ssl=1","jetpack-related-posts":[{"id":698,"url":"https:\/\/www.damjanveber.com\/index.php\/2023\/01\/04\/masterchef-projekt-zakljucen-lustn-je-blo\/","url_meta":{"origin":387,"position":0},"title":"Masterchef, projekt zaklju\u010den, lu\u0161tn je blo","author":"admin","date":"4. januarja, 2023","format":false,"excerpt":"In pri\u0161li smo do konca, sprejel sem odlo\u010ditev, NE bom se udele\u017eil Masterchef. Glavni razlog je to, da me kuhanje ni prijelo, rad kuham za prijatelje, predvsem Steake, da pa se bom u\u010dil kuhat torte ali potice mi pa ni. Vztrajal sem skoraj 4 mesece, kuhal razli\u010dne jedi in se\u2026","rel":"","context":"In &quot;Kar tako&quot;","block_context":{"text":"Kar tako","link":"https:\/\/www.damjanveber.com\/index.php\/category\/kar-tako\/"},"img":{"alt_text":"","src":"https:\/\/i0.wp.com\/www.damjanveber.com\/wp-content\/uploads\/2023\/10\/IMG_0173-scaled.jpg?fit=900%2C1200&ssl=1&resize=350%2C200","width":350,"height":200,"srcset":"https:\/\/i0.wp.com\/www.damjanveber.com\/wp-content\/uploads\/2023\/10\/IMG_0173-scaled.jpg?fit=900%2C1200&ssl=1&resize=350%2C200 1x, https:\/\/i0.wp.com\/www.damjanveber.com\/wp-content\/uploads\/2023\/10\/IMG_0173-scaled.jpg?fit=900%2C1200&ssl=1&resize=525%2C300 1.5x, https:\/\/i0.wp.com\/www.damjanveber.com\/wp-content\/uploads\/2023\/10\/IMG_0173-scaled.jpg?fit=900%2C1200&ssl=1&resize=700%2C400 2x"},"classes":[]},{"id":90,"url":"https:\/\/www.damjanveber.com\/index.php\/2022\/09\/15\/v-sluzbi-nova-ekipa\/","url_meta":{"origin":387,"position":1},"title":"V slu\u017ebi nova ekipa","author":"admin","date":"15. septembra, 2022","format":false,"excerpt":"Danes sem v slu\u017ebi z novo ekipo. \u017de takoj me \u010daka presene\u010denje, Sanja, ki pripravlja hladne jedi je nastrojena. Vse kar pove zveni kot ukaz oz. v normalnem kolektivu se danes to imenuje mobing. Pa spet i\u0161\u010dem krompir po restavraciji in ga ne najdem. Ko pridem praznih rok mi zabrusi:\u2026","rel":"","context":"In &quot;Kar tako&quot;","block_context":{"text":"Kar tako","link":"https:\/\/www.damjanveber.com\/index.php\/category\/kar-tako\/"},"img":{"alt_text":"","src":"https:\/\/i0.wp.com\/www.damjanveber.com\/wp-content\/uploads\/2022\/09\/CA4AC213-D726-4EB2-A020-A32DDEA45F8A-scaled.jpeg?fit=900%2C1200&ssl=1&resize=350%2C200","width":350,"height":200,"srcset":"https:\/\/i0.wp.com\/www.damjanveber.com\/wp-content\/uploads\/2022\/09\/CA4AC213-D726-4EB2-A020-A32DDEA45F8A-scaled.jpeg?fit=900%2C1200&ssl=1&resize=350%2C200 1x, https:\/\/i0.wp.com\/www.damjanveber.com\/wp-content\/uploads\/2022\/09\/CA4AC213-D726-4EB2-A020-A32DDEA45F8A-scaled.jpeg?fit=900%2C1200&ssl=1&resize=525%2C300 1.5x, https:\/\/i0.wp.com\/www.damjanveber.com\/wp-content\/uploads\/2022\/09\/CA4AC213-D726-4EB2-A020-A32DDEA45F8A-scaled.jpeg?fit=900%2C1200&ssl=1&resize=700%2C400 2x"},"classes":[]},{"id":95,"url":"https:\/\/www.damjanveber.com\/index.php\/2022\/09\/17\/film-no-limit\/","url_meta":{"origin":387,"position":2},"title":"Film No Limit","author":"admin","date":"17. septembra, 2022","format":false,"excerpt":"Z \u017eeno se odpraviva v BTC. Ojoj ta BTC, spet gu\u017eva. \u017dena je sitna, saj ne mara gne\u010de, jaz pa rabim cokle iz Kopitarne. Odli\u010dno sem pri\u0161el, saj imajo ta dan \u0161e dodatni 20% popust. Na hitro se odpraviva \u0161e v Azijsko \u0161tacuno, kjer nabavim material za azijsko kuhinjo, da\u2026","rel":"","context":"In &quot;Kar tako&quot;","block_context":{"text":"Kar tako","link":"https:\/\/www.damjanveber.com\/index.php\/category\/kar-tako\/"},"img":{"alt_text":"","src":"https:\/\/i0.wp.com\/www.damjanveber.com\/wp-content\/uploads\/2022\/09\/12AF9797-545B-4FEE-B47C-D60EE870A711-scaled.jpeg?fit=900%2C1200&ssl=1&resize=350%2C200","width":350,"height":200,"srcset":"https:\/\/i0.wp.com\/www.damjanveber.com\/wp-content\/uploads\/2022\/09\/12AF9797-545B-4FEE-B47C-D60EE870A711-scaled.jpeg?fit=900%2C1200&ssl=1&resize=350%2C200 1x, https:\/\/i0.wp.com\/www.damjanveber.com\/wp-content\/uploads\/2022\/09\/12AF9797-545B-4FEE-B47C-D60EE870A711-scaled.jpeg?fit=900%2C1200&ssl=1&resize=525%2C300 1.5x, https:\/\/i0.wp.com\/www.damjanveber.com\/wp-content\/uploads\/2022\/09\/12AF9797-545B-4FEE-B47C-D60EE870A711-scaled.jpeg?fit=900%2C1200&ssl=1&resize=700%2C400 2x"},"classes":[]},{"id":77,"url":"https:\/\/www.damjanveber.com\/index.php\/2022\/09\/12\/prvi-dan-v-sluzbi\/","url_meta":{"origin":387,"position":3},"title":"Prvi dan v slu\u017ebi :)","author":"admin","date":"12. septembra, 2022","format":false,"excerpt":"Zjutraj ob 8.00 sem pri Shambali. Pred Shambalo nekaj snemajo. Kaj pa je zdaj to pomislim, kaj mi je \u017eena spet kaj na\u0161timala, upam, da to ne \u010dakajo name, za masterchef ka\u0161ne priprave ?!. Grem mimo in opazim, da snemajo reklamo za nekega glasbenika, vse ok. Pridem do Shambale, povsod\u2026","rel":"","context":"In &quot;Kar tako&quot;","block_context":{"text":"Kar tako","link":"https:\/\/www.damjanveber.com\/index.php\/category\/kar-tako\/"},"img":{"alt_text":"","src":"https:\/\/i0.wp.com\/www.damjanveber.com\/wp-content\/uploads\/2022\/10\/IMG_2272-scaled.jpg?fit=1200%2C900&ssl=1&resize=350%2C200","width":350,"height":200,"srcset":"https:\/\/i0.wp.com\/www.damjanveber.com\/wp-content\/uploads\/2022\/10\/IMG_2272-scaled.jpg?fit=1200%2C900&ssl=1&resize=350%2C200 1x, https:\/\/i0.wp.com\/www.damjanveber.com\/wp-content\/uploads\/2022\/10\/IMG_2272-scaled.jpg?fit=1200%2C900&ssl=1&resize=525%2C300 1.5x, https:\/\/i0.wp.com\/www.damjanveber.com\/wp-content\/uploads\/2022\/10\/IMG_2272-scaled.jpg?fit=1200%2C900&ssl=1&resize=700%2C400 2x, https:\/\/i0.wp.com\/www.damjanveber.com\/wp-content\/uploads\/2022\/10\/IMG_2272-scaled.jpg?fit=1200%2C900&ssl=1&resize=1050%2C600 3x"},"classes":[]},{"id":92,"url":"https:\/\/www.damjanveber.com\/index.php\/2022\/09\/16\/92\/","url_meta":{"origin":387,"position":4},"title":"\u017durka, prjatu ima 40","author":"admin","date":"16. septembra, 2022","format":false,"excerpt":"Ne vem, \u010de bi sploh \u0161el v slu\u017ebo. Sploh nisem ni\u010d spal, tale Sanja me razjeda.\u00a0 Razmi\u0161ljam in se nazadnje odlo\u010dim, NE, ne bom vrgel pu\u0161ke v koruzo tako hitro. Pripravim se scenarij kaj ji bom povedal, ko me naslednju\u010d napade.\u00a0 V slu\u017ebi jo ignoriram in delam svojo delo. Obrnem\u2026","rel":"","context":"In &quot;Kar tako&quot;","block_context":{"text":"Kar tako","link":"https:\/\/www.damjanveber.com\/index.php\/category\/kar-tako\/"},"img":{"alt_text":"","src":"https:\/\/i0.wp.com\/www.damjanveber.com\/wp-content\/uploads\/2022\/09\/47A77F4B-4A37-494C-95FA-F4A30FBF3562-scaled.jpeg?fit=900%2C1200&ssl=1&resize=350%2C200","width":350,"height":200,"srcset":"https:\/\/i0.wp.com\/www.damjanveber.com\/wp-content\/uploads\/2022\/09\/47A77F4B-4A37-494C-95FA-F4A30FBF3562-scaled.jpeg?fit=900%2C1200&ssl=1&resize=350%2C200 1x, https:\/\/i0.wp.com\/www.damjanveber.com\/wp-content\/uploads\/2022\/09\/47A77F4B-4A37-494C-95FA-F4A30FBF3562-scaled.jpeg?fit=900%2C1200&ssl=1&resize=525%2C300 1.5x, https:\/\/i0.wp.com\/www.damjanveber.com\/wp-content\/uploads\/2022\/09\/47A77F4B-4A37-494C-95FA-F4A30FBF3562-scaled.jpeg?fit=900%2C1200&ssl=1&resize=700%2C400 2x"},"classes":[]},{"id":226,"url":"https:\/\/www.damjanveber.com\/index.php\/2022\/10\/08\/amc-posoda\/","url_meta":{"origin":387,"position":5},"title":"AMC posoda","author":"admin","date":"8. oktobra, 2022","format":false,"excerpt":"Danes se odpravljala k na\u0161im poslovnim partnerjem MA-KO na ve\u010derjo v Ajdov\u0161\u010dino s katerimi \u017ee 15 let sodelujemo. Marko in Ksenija nama pripravita ve\u010derjo pripravljeno v AMC posodi. Ksenija je AMC Chef, kar pomeni, da ima vse posode od AMC in zna z njimi kuhati. Res so kvalitete, to so\u2026","rel":"","context":"In &quot;Kar tako&quot;","block_context":{"text":"Kar tako","link":"https:\/\/www.damjanveber.com\/index.php\/category\/kar-tako\/"},"img":{"alt_text":"","src":"https:\/\/i0.wp.com\/www.damjanveber.com\/wp-content\/uploads\/2022\/10\/39F3B2E9-5E68-4AE4-8182-C225841ED052-scaled.jpeg?fit=900%2C1200&ssl=1&resize=350%2C200","width":350,"height":200,"srcset":"https:\/\/i0.wp.com\/www.damjanveber.com\/wp-content\/uploads\/2022\/10\/39F3B2E9-5E68-4AE4-8182-C225841ED052-scaled.jpeg?fit=900%2C1200&ssl=1&resize=350%2C200 1x, https:\/\/i0.wp.com\/www.damjanveber.com\/wp-content\/uploads\/2022\/10\/39F3B2E9-5E68-4AE4-8182-C225841ED052-scaled.jpeg?fit=900%2C1200&ssl=1&resize=525%2C300 1.5x, https:\/\/i0.wp.com\/www.damjanveber.com\/wp-content\/uploads\/2022\/10\/39F3B2E9-5E68-4AE4-8182-C225841ED052-scaled.jpeg?fit=900%2C1200&ssl=1&resize=700%2C400 2x"},"classes":[]}],"jetpack_sharing_enabled":true,"_links":{"self":[{"href":"https:\/\/www.damjanveber.com\/index.php\/wp-json\/wp\/v2\/posts\/387","targetHints":{"allow":["GET"]}}],"collection":[{"href":"https:\/\/www.damjanveber.com\/index.php\/wp-json\/wp\/v2\/posts"}],"about":[{"href":"https:\/\/www.damjanveber.com\/index.php\/wp-json\/wp\/v2\/types\/post"}],"author":[{"embeddable":true,"href":"https:\/\/www.damjanveber.com\/index.php\/wp-json\/wp\/v2\/users\/1"}],"replies":[{"embeddable":true,"href":"https:\/\/www.damjanveber.com\/index.php\/wp-json\/wp\/v2\/comments?post=387"}],"version-history":[{"count":0,"href":"https:\/\/www.damjanveber.com\/index.php\/wp-json\/wp\/v2\/posts\/387\/revisions"}],"wp:featuredmedia":[{"embeddable":true,"href":"https:\/\/www.damjanveber.com\/index.php\/wp-json\/wp\/v2\/media\/386"}],"wp:attachment":[{"href":"https:\/\/www.damjanveber.com\/index.php\/wp-json\/wp\/v2\/media?parent=387"}],"wp:term":[{"taxonomy":"category","embeddable":true,"href":"https:\/\/www.damjanveber.com\/index.php\/wp-json\/wp\/v2\/categories?post=387"},{"taxonomy":"post_tag","embeddable":true,"href":"https:\/\/www.damjanveber.com\/index.php\/wp-json\/wp\/v2\/tags?post=387"}],"curies":[{"name":"wp","href":"https:\/\/api.w.org\/{rel}","templated":true}]}}