{"id":418,"date":"2022-11-11T17:20:00","date_gmt":"2022-11-11T15:20:00","guid":{"rendered":"https:\/\/www.damjanveber.com\/?p=418"},"modified":"2022-11-16T17:24:52","modified_gmt":"2022-11-16T15:24:52","slug":"tantaluna-nikoli-ne-razocara","status":"publish","type":"post","link":"https:\/\/www.damjanveber.com\/index.php\/2022\/11\/11\/tantaluna-nikoli-ne-razocara\/","title":{"rendered":"Tantaluna nikoli ne razo\u010dara"},"content":{"rendered":"\n<p>Petek je, to je dan ko imava z \u017eeno ve\u010derjo. Odpraviva se k prijatelju Ale\u0161u, ki ima najbolj\u0161o gostilno na otoku, <a href=\"https:\/\/www.tripadvisor.es\/Restaurant_Review-g580322-d3250390-Reviews-Tantaluna-Corralejo_La_Oliva_Fuerteventura_Canary_Islands.html\" target=\"_blank\" rel=\"noopener\" title=\"\">Tantaluna<\/a>. Vedno nas preseneti s kak\u0161nim izborom, ki je na voljo samo tisti dan. Tokrat sva si privo\u0161\u010dila \u0161kolje razli\u010dnih zvrsti. Okusno.je<\/p>\n","protected":false},"excerpt":{"rendered":"<p>Petek je, to je dan ko imava z \u017eeno ve\u010derjo. Odpraviva se k prijatelju Ale\u0161u, ki ima najbolj\u0161o gostilno na otoku, Tantaluna. Vedno nas preseneti s kak\u0161nim izborom, ki je na voljo samo tisti dan. Tokrat sva si privo\u0161\u010dila \u0161kolje razli\u010dnih zvrsti. Okusno.je<\/p>\n","protected":false},"author":1,"featured_media":420,"comment_status":"open","ping_status":"open","sticky":false,"template":"","format":"standard","meta":{"om_disable_all_campaigns":false,"_monsterinsights_skip_tracking":false,"_monsterinsights_sitenote_active":false,"_monsterinsights_sitenote_note":"","_monsterinsights_sitenote_category":0,"_jetpack_memberships_contains_paid_content":false,"footnotes":"","jetpack_publicize_message":"","jetpack_publicize_feature_enabled":true,"jetpack_social_post_already_shared":true,"jetpack_social_options":{"image_generator_settings":{"template":"highway","default_image_id":0,"enabled":false},"version":2}},"categories":[8],"tags":[],"class_list":["post-418","post","type-post","status-publish","format-standard","has-post-thumbnail","hentry","category-gourmet"],"aioseo_notices":[],"jetpack_publicize_connections":[],"jetpack_featured_media_url":"https:\/\/i0.wp.com\/www.damjanveber.com\/wp-content\/uploads\/2022\/11\/IMG_2828-scaled.jpg?fit=1920%2C2560&ssl=1","jetpack-related-posts":[{"id":159,"url":"https:\/\/www.damjanveber.com\/index.php\/2022\/09\/22\/tima-presenetiva-z-obiskom-pri-njem-na-tenerife\/","url_meta":{"origin":418,"position":0},"title":"Tima presenetiva z obiskom pri njem na Tenerife","author":"admin","date":"22. septembra, 2022","format":false,"excerpt":"Tim ima rojstni dan. Za presene\u010denje ga obi\u0161\u010deva z Markom pri njem na Tenerife. Zgodaj zjutraj se odpraviva na letali\u0161\u010de Dunaj. Spet sem pozen in ti\u0161\u010dim po gasu in verjetn bom spet dobil kak\u0161en radar za pla\u010dat. Vmes posku\u0161am rezervirari parking na letali\u0161\u010du a je vse rezervirano. Kot ponavadi me\u2026","rel":"","context":"In &quot;Gadget&quot;","block_context":{"text":"Gadget","link":"https:\/\/www.damjanveber.com\/index.php\/category\/gadget\/"},"img":{"alt_text":"","src":"https:\/\/i0.wp.com\/www.damjanveber.com\/wp-content\/uploads\/2022\/09\/C8D5DCD8-366E-4D4A-A2D0-DB404A9E241C-scaled.jpeg?fit=900%2C1200&ssl=1&resize=350%2C200","width":350,"height":200,"srcset":"https:\/\/i0.wp.com\/www.damjanveber.com\/wp-content\/uploads\/2022\/09\/C8D5DCD8-366E-4D4A-A2D0-DB404A9E241C-scaled.jpeg?fit=900%2C1200&ssl=1&resize=350%2C200 1x, https:\/\/i0.wp.com\/www.damjanveber.com\/wp-content\/uploads\/2022\/09\/C8D5DCD8-366E-4D4A-A2D0-DB404A9E241C-scaled.jpeg?fit=900%2C1200&ssl=1&resize=525%2C300 1.5x, https:\/\/i0.wp.com\/www.damjanveber.com\/wp-content\/uploads\/2022\/09\/C8D5DCD8-366E-4D4A-A2D0-DB404A9E241C-scaled.jpeg?fit=900%2C1200&ssl=1&resize=700%2C400 2x"},"classes":[]},{"id":92,"url":"https:\/\/www.damjanveber.com\/index.php\/2022\/09\/16\/92\/","url_meta":{"origin":418,"position":1},"title":"\u017durka, prjatu ima 40","author":"admin","date":"16. septembra, 2022","format":false,"excerpt":"Ne vem, \u010de bi sploh \u0161el v slu\u017ebo. Sploh nisem ni\u010d spal, tale Sanja me razjeda.\u00a0 Razmi\u0161ljam in se nazadnje odlo\u010dim, NE, ne bom vrgel pu\u0161ke v koruzo tako hitro. Pripravim se scenarij kaj ji bom povedal, ko me naslednju\u010d napade.\u00a0 V slu\u017ebi jo ignoriram in delam svojo delo. Obrnem\u2026","rel":"","context":"In &quot;Kar tako&quot;","block_context":{"text":"Kar tako","link":"https:\/\/www.damjanveber.com\/index.php\/category\/kar-tako\/"},"img":{"alt_text":"","src":"https:\/\/i0.wp.com\/www.damjanveber.com\/wp-content\/uploads\/2022\/09\/47A77F4B-4A37-494C-95FA-F4A30FBF3562-scaled.jpeg?fit=900%2C1200&ssl=1&resize=350%2C200","width":350,"height":200,"srcset":"https:\/\/i0.wp.com\/www.damjanveber.com\/wp-content\/uploads\/2022\/09\/47A77F4B-4A37-494C-95FA-F4A30FBF3562-scaled.jpeg?fit=900%2C1200&ssl=1&resize=350%2C200 1x, https:\/\/i0.wp.com\/www.damjanveber.com\/wp-content\/uploads\/2022\/09\/47A77F4B-4A37-494C-95FA-F4A30FBF3562-scaled.jpeg?fit=900%2C1200&ssl=1&resize=525%2C300 1.5x, https:\/\/i0.wp.com\/www.damjanveber.com\/wp-content\/uploads\/2022\/09\/47A77F4B-4A37-494C-95FA-F4A30FBF3562-scaled.jpeg?fit=900%2C1200&ssl=1&resize=700%2C400 2x"},"classes":[]},{"id":77,"url":"https:\/\/www.damjanveber.com\/index.php\/2022\/09\/12\/prvi-dan-v-sluzbi\/","url_meta":{"origin":418,"position":2},"title":"Prvi dan v slu\u017ebi :)","author":"admin","date":"12. septembra, 2022","format":false,"excerpt":"Zjutraj ob 8.00 sem pri Shambali. Pred Shambalo nekaj snemajo. Kaj pa je zdaj to pomislim, kaj mi je \u017eena spet kaj na\u0161timala, upam, da to ne \u010dakajo name, za masterchef ka\u0161ne priprave ?!. Grem mimo in opazim, da snemajo reklamo za nekega glasbenika, vse ok. Pridem do Shambale, povsod\u2026","rel":"","context":"In &quot;Kar tako&quot;","block_context":{"text":"Kar tako","link":"https:\/\/www.damjanveber.com\/index.php\/category\/kar-tako\/"},"img":{"alt_text":"","src":"https:\/\/i0.wp.com\/www.damjanveber.com\/wp-content\/uploads\/2022\/10\/IMG_2272-scaled.jpg?fit=1200%2C900&ssl=1&resize=350%2C200","width":350,"height":200,"srcset":"https:\/\/i0.wp.com\/www.damjanveber.com\/wp-content\/uploads\/2022\/10\/IMG_2272-scaled.jpg?fit=1200%2C900&ssl=1&resize=350%2C200 1x, https:\/\/i0.wp.com\/www.damjanveber.com\/wp-content\/uploads\/2022\/10\/IMG_2272-scaled.jpg?fit=1200%2C900&ssl=1&resize=525%2C300 1.5x, https:\/\/i0.wp.com\/www.damjanveber.com\/wp-content\/uploads\/2022\/10\/IMG_2272-scaled.jpg?fit=1200%2C900&ssl=1&resize=700%2C400 2x, https:\/\/i0.wp.com\/www.damjanveber.com\/wp-content\/uploads\/2022\/10\/IMG_2272-scaled.jpg?fit=1200%2C900&ssl=1&resize=1050%2C600 3x"},"classes":[]},{"id":90,"url":"https:\/\/www.damjanveber.com\/index.php\/2022\/09\/15\/v-sluzbi-nova-ekipa\/","url_meta":{"origin":418,"position":3},"title":"V slu\u017ebi nova ekipa","author":"admin","date":"15. septembra, 2022","format":false,"excerpt":"Danes sem v slu\u017ebi z novo ekipo. \u017de takoj me \u010daka presene\u010denje, Sanja, ki pripravlja hladne jedi je nastrojena. Vse kar pove zveni kot ukaz oz. v normalnem kolektivu se danes to imenuje mobing. Pa spet i\u0161\u010dem krompir po restavraciji in ga ne najdem. Ko pridem praznih rok mi zabrusi:\u2026","rel":"","context":"In &quot;Kar tako&quot;","block_context":{"text":"Kar tako","link":"https:\/\/www.damjanveber.com\/index.php\/category\/kar-tako\/"},"img":{"alt_text":"","src":"https:\/\/i0.wp.com\/www.damjanveber.com\/wp-content\/uploads\/2022\/09\/CA4AC213-D726-4EB2-A020-A32DDEA45F8A-scaled.jpeg?fit=900%2C1200&ssl=1&resize=350%2C200","width":350,"height":200,"srcset":"https:\/\/i0.wp.com\/www.damjanveber.com\/wp-content\/uploads\/2022\/09\/CA4AC213-D726-4EB2-A020-A32DDEA45F8A-scaled.jpeg?fit=900%2C1200&ssl=1&resize=350%2C200 1x, https:\/\/i0.wp.com\/www.damjanveber.com\/wp-content\/uploads\/2022\/09\/CA4AC213-D726-4EB2-A020-A32DDEA45F8A-scaled.jpeg?fit=900%2C1200&ssl=1&resize=525%2C300 1.5x, https:\/\/i0.wp.com\/www.damjanveber.com\/wp-content\/uploads\/2022\/09\/CA4AC213-D726-4EB2-A020-A32DDEA45F8A-scaled.jpeg?fit=900%2C1200&ssl=1&resize=700%2C400 2x"},"classes":[]},{"id":372,"url":"https:\/\/www.damjanveber.com\/index.php\/2022\/11\/01\/prvi-dan-dopusta-prvi-zaplet\/","url_meta":{"origin":418,"position":4},"title":"Prvi dan dopusta, prvi zaplet","author":"admin","date":"1. novembra, 2022","format":false,"excerpt":"Po celodnevnem potovanju v nedeljo prispemo v ponedeljek pono\u010di na Fuerteventura. Takoj po pristanku nas \u010daka presene\u010denje, rentacar je napa\u010dno rezerviran. Imeli smo rezervacijo od sobote, ker pa je bil let storniran, smo pozabili zamakniti rezervacijo na dan kasneje. Na sre\u010dno ni ve\u010d te\u017eav z najemi kot v \u010dasu Covida,\u2026","rel":"","context":"In &quot;Saj ni res pa je&quot;","block_context":{"text":"Saj ni res pa je","link":"https:\/\/www.damjanveber.com\/index.php\/category\/saj-ni-res-pa-je\/"},"img":{"alt_text":"","src":"https:\/\/i0.wp.com\/www.damjanveber.com\/wp-content\/uploads\/2022\/11\/img_2705-scaled.jpg?fit=900%2C1200&ssl=1&resize=350%2C200","width":350,"height":200,"srcset":"https:\/\/i0.wp.com\/www.damjanveber.com\/wp-content\/uploads\/2022\/11\/img_2705-scaled.jpg?fit=900%2C1200&ssl=1&resize=350%2C200 1x, https:\/\/i0.wp.com\/www.damjanveber.com\/wp-content\/uploads\/2022\/11\/img_2705-scaled.jpg?fit=900%2C1200&ssl=1&resize=525%2C300 1.5x, https:\/\/i0.wp.com\/www.damjanveber.com\/wp-content\/uploads\/2022\/11\/img_2705-scaled.jpg?fit=900%2C1200&ssl=1&resize=700%2C400 2x"},"classes":[]},{"id":382,"url":"https:\/\/www.damjanveber.com\/index.php\/2022\/11\/02\/presenecenje-za-rojstni-dan\/","url_meta":{"origin":418,"position":5},"title":"Presene\u010denje za rojstni dan","author":"admin","date":"2. novembra, 2022","format":false,"excerpt":"Zjutraj se odpravimo v Corralejo, kjer naj bi pogledali en \u010doln, ki se prodaja. \u010cakamo ve\u010d kot pol ure, majstra ki prodaja pa od nikoder. Dovolj imam, jaz se grem v lokal in spit en kafe. Z \u017eeno si privo\u0161\u010diva zame najbolj\u0161i kafe-Cafe leche leche, dobi se ga samo na\u2026","rel":"","context":"In &quot;Kar tako&quot;","block_context":{"text":"Kar tako","link":"https:\/\/www.damjanveber.com\/index.php\/category\/kar-tako\/"},"img":{"alt_text":"","src":"https:\/\/i0.wp.com\/www.damjanveber.com\/wp-content\/uploads\/2022\/11\/img_5858-scaled.jpg?fit=1200%2C900&ssl=1&resize=350%2C200","width":350,"height":200,"srcset":"https:\/\/i0.wp.com\/www.damjanveber.com\/wp-content\/uploads\/2022\/11\/img_5858-scaled.jpg?fit=1200%2C900&ssl=1&resize=350%2C200 1x, https:\/\/i0.wp.com\/www.damjanveber.com\/wp-content\/uploads\/2022\/11\/img_5858-scaled.jpg?fit=1200%2C900&ssl=1&resize=525%2C300 1.5x, https:\/\/i0.wp.com\/www.damjanveber.com\/wp-content\/uploads\/2022\/11\/img_5858-scaled.jpg?fit=1200%2C900&ssl=1&resize=700%2C400 2x, https:\/\/i0.wp.com\/www.damjanveber.com\/wp-content\/uploads\/2022\/11\/img_5858-scaled.jpg?fit=1200%2C900&ssl=1&resize=1050%2C600 3x"},"classes":[]}],"jetpack_sharing_enabled":true,"_links":{"self":[{"href":"https:\/\/www.damjanveber.com\/index.php\/wp-json\/wp\/v2\/posts\/418","targetHints":{"allow":["GET"]}}],"collection":[{"href":"https:\/\/www.damjanveber.com\/index.php\/wp-json\/wp\/v2\/posts"}],"about":[{"href":"https:\/\/www.damjanveber.com\/index.php\/wp-json\/wp\/v2\/types\/post"}],"author":[{"embeddable":true,"href":"https:\/\/www.damjanveber.com\/index.php\/wp-json\/wp\/v2\/users\/1"}],"replies":[{"embeddable":true,"href":"https:\/\/www.damjanveber.com\/index.php\/wp-json\/wp\/v2\/comments?post=418"}],"version-history":[{"count":1,"href":"https:\/\/www.damjanveber.com\/index.php\/wp-json\/wp\/v2\/posts\/418\/revisions"}],"predecessor-version":[{"id":421,"href":"https:\/\/www.damjanveber.com\/index.php\/wp-json\/wp\/v2\/posts\/418\/revisions\/421"}],"wp:featuredmedia":[{"embeddable":true,"href":"https:\/\/www.damjanveber.com\/index.php\/wp-json\/wp\/v2\/media\/420"}],"wp:attachment":[{"href":"https:\/\/www.damjanveber.com\/index.php\/wp-json\/wp\/v2\/media?parent=418"}],"wp:term":[{"taxonomy":"category","embeddable":true,"href":"https:\/\/www.damjanveber.com\/index.php\/wp-json\/wp\/v2\/categories?post=418"},{"taxonomy":"post_tag","embeddable":true,"href":"https:\/\/www.damjanveber.com\/index.php\/wp-json\/wp\/v2\/tags?post=418"}],"curies":[{"name":"wp","href":"https:\/\/api.w.org\/{rel}","templated":true}]}}