{"id":426,"date":"2022-11-13T10:08:00","date_gmt":"2022-11-13T08:08:00","guid":{"rendered":"https:\/\/www.damjanveber.com\/?p=426"},"modified":"2022-11-20T10:18:30","modified_gmt":"2022-11-20T08:18:30","slug":"nedelja-tim-ima-tekmo","status":"publish","type":"post","link":"https:\/\/www.damjanveber.com\/index.php\/2022\/11\/13\/nedelja-tim-ima-tekmo\/","title":{"rendered":"Nedelja, Tim ima tekmo"},"content":{"rendered":"\n<p>Vsako nedeljo Tim igra tekmo. Glede na to, da so kanarci razdeljeni na ve\u010d otokov, igrajo razli\u010dno po otokih. Tokrat igrajo na otoku La Gomera. Razmi\u0161ljam, da bi \u0161el pogledat. Gledam povezate in ugotovim, da bi moral prestopat, najprej Fuerteventura-Tenerife, potlej pa \u0161e Tenerife-La Gomera. To bo preve\u010d \u010dasa, v eno smer pol dneva, potlej pa \u0161e nazaj pol dneva oziroma naslednji dan nazaj. Tokrat bom izpustil.<\/p>\n","protected":false},"excerpt":{"rendered":"<p>Vsako nedeljo Tim igra tekmo. Glede na to, da so kanarci razdeljeni na ve\u010d otokov, igrajo razli\u010dno po otokih. Tokrat igrajo na otoku La Gomera. Razmi\u0161ljam, da bi \u0161el pogledat. Gledam povezate in ugotovim, da bi moral prestopat, najprej Fuerteventura-Tenerife, potlej pa \u0161e Tenerife-La Gomera. To bo preve\u010d \u010dasa, v eno smer pol dneva, potlej [&hellip;]<\/p>\n","protected":false},"author":1,"featured_media":427,"comment_status":"open","ping_status":"open","sticky":false,"template":"","format":"standard","meta":{"om_disable_all_campaigns":false,"_monsterinsights_skip_tracking":false,"_monsterinsights_sitenote_active":false,"_monsterinsights_sitenote_note":"","_monsterinsights_sitenote_category":0,"_jetpack_memberships_contains_paid_content":false,"footnotes":"","jetpack_publicize_message":"","jetpack_publicize_feature_enabled":true,"jetpack_social_post_already_shared":true,"jetpack_social_options":{"image_generator_settings":{"template":"highway","default_image_id":0,"enabled":false},"version":2}},"categories":[1],"tags":[],"class_list":["post-426","post","type-post","status-publish","format-standard","has-post-thumbnail","hentry","category-kar-tako"],"aioseo_notices":[],"jetpack_publicize_connections":[],"jetpack_featured_media_url":"https:\/\/i0.wp.com\/www.damjanveber.com\/wp-content\/uploads\/2022\/11\/IMG_2838.jpg?fit=2436%2C1125&ssl=1","jetpack-related-posts":[{"id":452,"url":"https:\/\/www.damjanveber.com\/index.php\/2022\/11\/20\/nedelja-prvi-worldcup-fuzbal\/","url_meta":{"origin":426,"position":0},"title":"Nedelja, prvi WorldCup fuzbal","author":"admin","date":"20. novembra, 2022","format":false,"excerpt":"Za\u010delo se je svetovno prvenstvo nogometa v Quatarju. Zjutraj \u0161ibam na Tenerife, kjer ima Tim tekmo. Tekma je na jugu Tenerifov. Dobr, so zgubili z 0:1, ampak Tim je dobro igral. Po tekmi \u0161ibava v Las Americas, ta slovi po mnogih barih in \u017eurkah na jugu Tenerofov. Tam bova ziher\u2026","rel":"","context":"In &quot;Kar tako&quot;","block_context":{"text":"Kar tako","link":"https:\/\/www.damjanveber.com\/index.php\/category\/kar-tako\/"},"img":{"alt_text":"","src":"https:\/\/i0.wp.com\/www.damjanveber.com\/wp-content\/uploads\/2022\/11\/266629CD-ED72-4391-A71A-F1732B118856-scaled.jpeg?fit=1200%2C900&ssl=1&resize=350%2C200","width":350,"height":200,"srcset":"https:\/\/i0.wp.com\/www.damjanveber.com\/wp-content\/uploads\/2022\/11\/266629CD-ED72-4391-A71A-F1732B118856-scaled.jpeg?fit=1200%2C900&ssl=1&resize=350%2C200 1x, https:\/\/i0.wp.com\/www.damjanveber.com\/wp-content\/uploads\/2022\/11\/266629CD-ED72-4391-A71A-F1732B118856-scaled.jpeg?fit=1200%2C900&ssl=1&resize=525%2C300 1.5x, https:\/\/i0.wp.com\/www.damjanveber.com\/wp-content\/uploads\/2022\/11\/266629CD-ED72-4391-A71A-F1732B118856-scaled.jpeg?fit=1200%2C900&ssl=1&resize=700%2C400 2x, https:\/\/i0.wp.com\/www.damjanveber.com\/wp-content\/uploads\/2022\/11\/266629CD-ED72-4391-A71A-F1732B118856-scaled.jpeg?fit=1200%2C900&ssl=1&resize=1050%2C600 3x"},"classes":[]},{"id":159,"url":"https:\/\/www.damjanveber.com\/index.php\/2022\/09\/22\/tima-presenetiva-z-obiskom-pri-njem-na-tenerife\/","url_meta":{"origin":426,"position":1},"title":"Tima presenetiva z obiskom pri njem na Tenerife","author":"admin","date":"22. septembra, 2022","format":false,"excerpt":"Tim ima rojstni dan. Za presene\u010denje ga obi\u0161\u010deva z Markom pri njem na Tenerife. Zgodaj zjutraj se odpraviva na letali\u0161\u010de Dunaj. Spet sem pozen in ti\u0161\u010dim po gasu in verjetn bom spet dobil kak\u0161en radar za pla\u010dat. Vmes posku\u0161am rezervirari parking na letali\u0161\u010du a je vse rezervirano. Kot ponavadi me\u2026","rel":"","context":"In &quot;Gadget&quot;","block_context":{"text":"Gadget","link":"https:\/\/www.damjanveber.com\/index.php\/category\/gadget\/"},"img":{"alt_text":"","src":"https:\/\/i0.wp.com\/www.damjanveber.com\/wp-content\/uploads\/2022\/09\/C8D5DCD8-366E-4D4A-A2D0-DB404A9E241C-scaled.jpeg?fit=900%2C1200&ssl=1&resize=350%2C200","width":350,"height":200,"srcset":"https:\/\/i0.wp.com\/www.damjanveber.com\/wp-content\/uploads\/2022\/09\/C8D5DCD8-366E-4D4A-A2D0-DB404A9E241C-scaled.jpeg?fit=900%2C1200&ssl=1&resize=350%2C200 1x, https:\/\/i0.wp.com\/www.damjanveber.com\/wp-content\/uploads\/2022\/09\/C8D5DCD8-366E-4D4A-A2D0-DB404A9E241C-scaled.jpeg?fit=900%2C1200&ssl=1&resize=525%2C300 1.5x, https:\/\/i0.wp.com\/www.damjanveber.com\/wp-content\/uploads\/2022\/09\/C8D5DCD8-366E-4D4A-A2D0-DB404A9E241C-scaled.jpeg?fit=900%2C1200&ssl=1&resize=700%2C400 2x"},"classes":[]},{"id":663,"url":"https:\/\/www.damjanveber.com\/index.php\/2022\/12\/29\/plavanje-na-minus-10-za-fazane\/","url_meta":{"origin":426,"position":2},"title":"Plavanje na minus 10 za fazane","author":"admin","date":"29. decembra, 2022","format":false,"excerpt":"Danes gremo ponovno v Shina Kogen, sam na drugo lokacijo. Vreme ni najbolj\u0161e, a dru\u017eba je taprava. Nazaj grede na\u0161 vodi\u010d obstane in moramo vsi cen iz avtobusa. Nakoncu se izka\u017ee, da morajo tisti, ki prvi\u010d u\u010dijo pri njem opraviti test vzdr\u017eljivosti na jezeru, kjer so temperature pod ni\u010dlo. In\u2026","rel":"","context":"In &quot;Kar tako&quot;","block_context":{"text":"Kar tako","link":"https:\/\/www.damjanveber.com\/index.php\/category\/kar-tako\/"},"img":{"alt_text":"","src":"https:\/\/i0.wp.com\/www.damjanveber.com\/wp-content\/uploads\/2023\/10\/IMG_0227-1-scaled.jpg?fit=1200%2C900&ssl=1&resize=350%2C200","width":350,"height":200,"srcset":"https:\/\/i0.wp.com\/www.damjanveber.com\/wp-content\/uploads\/2023\/10\/IMG_0227-1-scaled.jpg?fit=1200%2C900&ssl=1&resize=350%2C200 1x, https:\/\/i0.wp.com\/www.damjanveber.com\/wp-content\/uploads\/2023\/10\/IMG_0227-1-scaled.jpg?fit=1200%2C900&ssl=1&resize=525%2C300 1.5x, https:\/\/i0.wp.com\/www.damjanveber.com\/wp-content\/uploads\/2023\/10\/IMG_0227-1-scaled.jpg?fit=1200%2C900&ssl=1&resize=700%2C400 2x, https:\/\/i0.wp.com\/www.damjanveber.com\/wp-content\/uploads\/2023\/10\/IMG_0227-1-scaled.jpg?fit=1200%2C900&ssl=1&resize=1050%2C600 3x"},"classes":[]},{"id":181,"url":"https:\/\/www.damjanveber.com\/index.php\/2022\/09\/27\/via-santorini\/","url_meta":{"origin":426,"position":3},"title":"via Santorini","author":"admin","date":"27. septembra, 2022","format":false,"excerpt":"Dopoldne \u0161ibam v Kranjsko Goro, kjer bo kolega izvajal gradbena dela v apartmaju. \u0160el sem za avtobusom, da sem lahko vmes 2 uri delal na ra\u010dunalniku. Moram re\u010di da prav sede, brez dirkanja po avtocesti. V Kranjski Gori se zmenimo vse datajle za rekonstrukcijo in po pol ure \u017ee \u0161ibam\u2026","rel":"","context":"In &quot;Turizem&quot;","block_context":{"text":"Turizem","link":"https:\/\/www.damjanveber.com\/index.php\/category\/turizem\/"},"img":{"alt_text":"","src":"https:\/\/i0.wp.com\/www.damjanveber.com\/wp-content\/uploads\/2022\/10\/BCF8FC2E-4400-4A3F-A551-69F91BDDFAF0-scaled.jpeg?fit=1200%2C900&ssl=1&resize=350%2C200","width":350,"height":200,"srcset":"https:\/\/i0.wp.com\/www.damjanveber.com\/wp-content\/uploads\/2022\/10\/BCF8FC2E-4400-4A3F-A551-69F91BDDFAF0-scaled.jpeg?fit=1200%2C900&ssl=1&resize=350%2C200 1x, https:\/\/i0.wp.com\/www.damjanveber.com\/wp-content\/uploads\/2022\/10\/BCF8FC2E-4400-4A3F-A551-69F91BDDFAF0-scaled.jpeg?fit=1200%2C900&ssl=1&resize=525%2C300 1.5x, https:\/\/i0.wp.com\/www.damjanveber.com\/wp-content\/uploads\/2022\/10\/BCF8FC2E-4400-4A3F-A551-69F91BDDFAF0-scaled.jpeg?fit=1200%2C900&ssl=1&resize=700%2C400 2x, https:\/\/i0.wp.com\/www.damjanveber.com\/wp-content\/uploads\/2022\/10\/BCF8FC2E-4400-4A3F-A551-69F91BDDFAF0-scaled.jpeg?fit=1200%2C900&ssl=1&resize=1050%2C600 3x"},"classes":[]},{"id":395,"url":"https:\/\/www.damjanveber.com\/index.php\/2022\/11\/05\/ena-pizza-na-hitro-za-po-pot\/","url_meta":{"origin":426,"position":4},"title":"Ena pizza na hitro za po pot","author":"admin","date":"5. novembra, 2022","format":false,"excerpt":"Sobota je, z Markom \u0161ibava na Tenerife do starej\u0161ega sina Tima, ker ima v nedeljo fuzbal tekmo. Pred odhodom zape\u010demo okusne pizze. Prej\u0161nji dan sem \u017ee pripravil testo, to je tista klju\u010dna stvar pri pizzi. Recept za 12 hleb\u010dkov: 1l vode 2g suhi kvas 25g soli 1,5kg moke tip 400\u2026","rel":"","context":"In &quot;Kar tako&quot;","block_context":{"text":"Kar tako","link":"https:\/\/www.damjanveber.com\/index.php\/category\/kar-tako\/"},"img":{"alt_text":"","src":"https:\/\/i0.wp.com\/www.damjanveber.com\/wp-content\/uploads\/2022\/11\/img_5846-scaled.jpg?fit=900%2C1200&ssl=1&resize=350%2C200","width":350,"height":200,"srcset":"https:\/\/i0.wp.com\/www.damjanveber.com\/wp-content\/uploads\/2022\/11\/img_5846-scaled.jpg?fit=900%2C1200&ssl=1&resize=350%2C200 1x, https:\/\/i0.wp.com\/www.damjanveber.com\/wp-content\/uploads\/2022\/11\/img_5846-scaled.jpg?fit=900%2C1200&ssl=1&resize=525%2C300 1.5x, https:\/\/i0.wp.com\/www.damjanveber.com\/wp-content\/uploads\/2022\/11\/img_5846-scaled.jpg?fit=900%2C1200&ssl=1&resize=700%2C400 2x"},"classes":[]},{"id":398,"url":"https:\/\/www.damjanveber.com\/index.php\/2022\/11\/06\/okusni-burger-po-tekmi\/","url_meta":{"origin":426,"position":5},"title":"Okusni burger po tekmi","author":"admin","date":"6. novembra, 2022","format":false,"excerpt":"Nedelja, Tim ima tekmo. Odli\u010dna tekma, tudi Tim igra na tekmi. Na koncu zmagajo s 4:3. Po tekmi \u0161ibamo na burger. Po tripadvisor i\u0161\u010dem najbolj\u0161o restavracijo z burgerji. Pridemo na lokacijo, restavracije ni, OK, gremo naprej, i\u0161\u010dem po Google maps. Pridemo do lokacije tudi po Google maps te restavracije ni,\u2026","rel":"","context":"In &quot;Gourmet&quot;","block_context":{"text":"Gourmet","link":"https:\/\/www.damjanveber.com\/index.php\/category\/gourmet\/"},"img":{"alt_text":"","src":"https:\/\/i0.wp.com\/www.damjanveber.com\/wp-content\/uploads\/2022\/11\/IMG_2759-scaled.jpg?fit=1200%2C900&ssl=1&resize=350%2C200","width":350,"height":200,"srcset":"https:\/\/i0.wp.com\/www.damjanveber.com\/wp-content\/uploads\/2022\/11\/IMG_2759-scaled.jpg?fit=1200%2C900&ssl=1&resize=350%2C200 1x, https:\/\/i0.wp.com\/www.damjanveber.com\/wp-content\/uploads\/2022\/11\/IMG_2759-scaled.jpg?fit=1200%2C900&ssl=1&resize=525%2C300 1.5x, https:\/\/i0.wp.com\/www.damjanveber.com\/wp-content\/uploads\/2022\/11\/IMG_2759-scaled.jpg?fit=1200%2C900&ssl=1&resize=700%2C400 2x, https:\/\/i0.wp.com\/www.damjanveber.com\/wp-content\/uploads\/2022\/11\/IMG_2759-scaled.jpg?fit=1200%2C900&ssl=1&resize=1050%2C600 3x"},"classes":[]}],"jetpack_sharing_enabled":true,"_links":{"self":[{"href":"https:\/\/www.damjanveber.com\/index.php\/wp-json\/wp\/v2\/posts\/426","targetHints":{"allow":["GET"]}}],"collection":[{"href":"https:\/\/www.damjanveber.com\/index.php\/wp-json\/wp\/v2\/posts"}],"about":[{"href":"https:\/\/www.damjanveber.com\/index.php\/wp-json\/wp\/v2\/types\/post"}],"author":[{"embeddable":true,"href":"https:\/\/www.damjanveber.com\/index.php\/wp-json\/wp\/v2\/users\/1"}],"replies":[{"embeddable":true,"href":"https:\/\/www.damjanveber.com\/index.php\/wp-json\/wp\/v2\/comments?post=426"}],"version-history":[{"count":1,"href":"https:\/\/www.damjanveber.com\/index.php\/wp-json\/wp\/v2\/posts\/426\/revisions"}],"predecessor-version":[{"id":428,"href":"https:\/\/www.damjanveber.com\/index.php\/wp-json\/wp\/v2\/posts\/426\/revisions\/428"}],"wp:featuredmedia":[{"embeddable":true,"href":"https:\/\/www.damjanveber.com\/index.php\/wp-json\/wp\/v2\/media\/427"}],"wp:attachment":[{"href":"https:\/\/www.damjanveber.com\/index.php\/wp-json\/wp\/v2\/media?parent=426"}],"wp:term":[{"taxonomy":"category","embeddable":true,"href":"https:\/\/www.damjanveber.com\/index.php\/wp-json\/wp\/v2\/categories?post=426"},{"taxonomy":"post_tag","embeddable":true,"href":"https:\/\/www.damjanveber.com\/index.php\/wp-json\/wp\/v2\/tags?post=426"}],"curies":[{"name":"wp","href":"https:\/\/api.w.org\/{rel}","templated":true}]}}