{"id":429,"date":"2022-11-14T10:19:00","date_gmt":"2022-11-14T08:19:00","guid":{"rendered":"https:\/\/www.damjanveber.com\/?p=429"},"modified":"2022-11-20T13:17:36","modified_gmt":"2022-11-20T11:17:36","slug":"birokracija-povsod-ista","status":"publish","type":"post","link":"https:\/\/www.damjanveber.com\/index.php\/2022\/11\/14\/birokracija-povsod-ista\/","title":{"rendered":"Javna uprava &#8211; povsod isto"},"content":{"rendered":"\n<p>\u0160ibam na ob\u010dino, da si uredim elektronski certifikat. Porabim pol ure, da se pripeljem do mesta Puerto del Rosario, nakar me varnostnik mirno odpusti z listkom, da se je potrebno predhodno naro\u010dit. Od Covida naprej, tud srat ne more\u0161, da se predhodno ne najavi\u0161. Sem mislil, da je v Sloveniji problem, pa vidim, da je v \u0160paniji javna uprava \u0161e slab\u0161a.<\/p>\n","protected":false},"excerpt":{"rendered":"<p>\u0160ibam na ob\u010dino, da si uredim elektronski certifikat. Porabim pol ure, da se pripeljem do mesta Puerto del Rosario, nakar me varnostnik mirno odpusti z listkom, da se je potrebno predhodno naro\u010dit. Od Covida naprej, tud srat ne more\u0161, da se predhodno ne najavi\u0161. Sem mislil, da je v Sloveniji problem, pa vidim, da je [&hellip;]<\/p>\n","protected":false},"author":1,"featured_media":430,"comment_status":"open","ping_status":"open","sticky":false,"template":"","format":"standard","meta":{"om_disable_all_campaigns":false,"_monsterinsights_skip_tracking":false,"_monsterinsights_sitenote_active":false,"_monsterinsights_sitenote_note":"","_monsterinsights_sitenote_category":0,"_jetpack_memberships_contains_paid_content":false,"footnotes":"","jetpack_publicize_message":"","jetpack_publicize_feature_enabled":true,"jetpack_social_post_already_shared":true,"jetpack_social_options":{"image_generator_settings":{"template":"highway","default_image_id":0,"enabled":false},"version":2}},"categories":[1],"tags":[],"class_list":["post-429","post","type-post","status-publish","format-standard","has-post-thumbnail","hentry","category-kar-tako"],"aioseo_notices":[],"jetpack_publicize_connections":[],"jetpack_featured_media_url":"https:\/\/i0.wp.com\/www.damjanveber.com\/wp-content\/uploads\/2022\/11\/IMG_2843-2-scaled.jpg?fit=2560%2C1920&ssl=1","jetpack-related-posts":[{"id":213,"url":"https:\/\/www.damjanveber.com\/index.php\/2022\/10\/06\/sous-sef-prvic-v-nasi-pisarni\/","url_meta":{"origin":429,"position":0},"title":"Sous \u0161ef prvi\u010d v na\u0161i pisarni","author":"admin","date":"6. oktobra, 2022","format":false,"excerpt":"Zjutraj sem zmenjen s \u0161efom Darkom, da bova nekaj skuhala za na\u0161e zaposlene v sisplet. Odlo\u010dil se je, da bova za prvi\u010d delala \u0161pagete Carbonara, tiste taprave Italijanske. Po nakupu izdelkov v trgovini se lotiva kuhanja. In tukaj je skrivnostni recept, namesto kisle smetane uporabiva sir pekorino. Odli\u010dno je ratalo\u2026","rel":"","context":"In &quot;Kar tako&quot;","block_context":{"text":"Kar tako","link":"https:\/\/www.damjanveber.com\/index.php\/category\/kar-tako\/"},"img":{"alt_text":"","src":"https:\/\/i0.wp.com\/www.damjanveber.com\/wp-content\/uploads\/2022\/10\/1DDBDEBA-0819-4472-BCC9-900F0B496B6C-scaled.jpeg?fit=900%2C1200&ssl=1&resize=350%2C200","width":350,"height":200,"srcset":"https:\/\/i0.wp.com\/www.damjanveber.com\/wp-content\/uploads\/2022\/10\/1DDBDEBA-0819-4472-BCC9-900F0B496B6C-scaled.jpeg?fit=900%2C1200&ssl=1&resize=350%2C200 1x, https:\/\/i0.wp.com\/www.damjanveber.com\/wp-content\/uploads\/2022\/10\/1DDBDEBA-0819-4472-BCC9-900F0B496B6C-scaled.jpeg?fit=900%2C1200&ssl=1&resize=525%2C300 1.5x, https:\/\/i0.wp.com\/www.damjanveber.com\/wp-content\/uploads\/2022\/10\/1DDBDEBA-0819-4472-BCC9-900F0B496B6C-scaled.jpeg?fit=900%2C1200&ssl=1&resize=700%2C400 2x"},"classes":[]},{"id":90,"url":"https:\/\/www.damjanveber.com\/index.php\/2022\/09\/15\/v-sluzbi-nova-ekipa\/","url_meta":{"origin":429,"position":1},"title":"V slu\u017ebi nova ekipa","author":"admin","date":"15. septembra, 2022","format":false,"excerpt":"Danes sem v slu\u017ebi z novo ekipo. \u017de takoj me \u010daka presene\u010denje, Sanja, ki pripravlja hladne jedi je nastrojena. Vse kar pove zveni kot ukaz oz. v normalnem kolektivu se danes to imenuje mobing. Pa spet i\u0161\u010dem krompir po restavraciji in ga ne najdem. Ko pridem praznih rok mi zabrusi:\u2026","rel":"","context":"In &quot;Kar tako&quot;","block_context":{"text":"Kar tako","link":"https:\/\/www.damjanveber.com\/index.php\/category\/kar-tako\/"},"img":{"alt_text":"","src":"https:\/\/i0.wp.com\/www.damjanveber.com\/wp-content\/uploads\/2022\/09\/CA4AC213-D726-4EB2-A020-A32DDEA45F8A-scaled.jpeg?fit=900%2C1200&ssl=1&resize=350%2C200","width":350,"height":200,"srcset":"https:\/\/i0.wp.com\/www.damjanveber.com\/wp-content\/uploads\/2022\/09\/CA4AC213-D726-4EB2-A020-A32DDEA45F8A-scaled.jpeg?fit=900%2C1200&ssl=1&resize=350%2C200 1x, https:\/\/i0.wp.com\/www.damjanveber.com\/wp-content\/uploads\/2022\/09\/CA4AC213-D726-4EB2-A020-A32DDEA45F8A-scaled.jpeg?fit=900%2C1200&ssl=1&resize=525%2C300 1.5x, https:\/\/i0.wp.com\/www.damjanveber.com\/wp-content\/uploads\/2022\/09\/CA4AC213-D726-4EB2-A020-A32DDEA45F8A-scaled.jpeg?fit=900%2C1200&ssl=1&resize=700%2C400 2x"},"classes":[]},{"id":159,"url":"https:\/\/www.damjanveber.com\/index.php\/2022\/09\/22\/tima-presenetiva-z-obiskom-pri-njem-na-tenerife\/","url_meta":{"origin":429,"position":2},"title":"Tima presenetiva z obiskom pri njem na Tenerife","author":"admin","date":"22. septembra, 2022","format":false,"excerpt":"Tim ima rojstni dan. Za presene\u010denje ga obi\u0161\u010deva z Markom pri njem na Tenerife. Zgodaj zjutraj se odpraviva na letali\u0161\u010de Dunaj. Spet sem pozen in ti\u0161\u010dim po gasu in verjetn bom spet dobil kak\u0161en radar za pla\u010dat. Vmes posku\u0161am rezervirari parking na letali\u0161\u010du a je vse rezervirano. Kot ponavadi me\u2026","rel":"","context":"In &quot;Gadget&quot;","block_context":{"text":"Gadget","link":"https:\/\/www.damjanveber.com\/index.php\/category\/gadget\/"},"img":{"alt_text":"","src":"https:\/\/i0.wp.com\/www.damjanveber.com\/wp-content\/uploads\/2022\/09\/C8D5DCD8-366E-4D4A-A2D0-DB404A9E241C-scaled.jpeg?fit=900%2C1200&ssl=1&resize=350%2C200","width":350,"height":200,"srcset":"https:\/\/i0.wp.com\/www.damjanveber.com\/wp-content\/uploads\/2022\/09\/C8D5DCD8-366E-4D4A-A2D0-DB404A9E241C-scaled.jpeg?fit=900%2C1200&ssl=1&resize=350%2C200 1x, https:\/\/i0.wp.com\/www.damjanveber.com\/wp-content\/uploads\/2022\/09\/C8D5DCD8-366E-4D4A-A2D0-DB404A9E241C-scaled.jpeg?fit=900%2C1200&ssl=1&resize=525%2C300 1.5x, https:\/\/i0.wp.com\/www.damjanveber.com\/wp-content\/uploads\/2022\/09\/C8D5DCD8-366E-4D4A-A2D0-DB404A9E241C-scaled.jpeg?fit=900%2C1200&ssl=1&resize=700%2C400 2x"},"classes":[]},{"id":326,"url":"https:\/\/www.damjanveber.com\/index.php\/2022\/10\/19\/obletnica-poroke\/","url_meta":{"origin":429,"position":3},"title":"Obletnica poroke","author":"admin","date":"19. oktobra, 2022","format":false,"excerpt":"Ja, v\u010deraj\u0161nja degustacija Whiskey ni pomagala. Ponavadi, ko me je za\u010delo srbeti v grlu sem bacile pobil z alkoholom (Whiskey, rakija) ali podobno, ki ima visoko stopnjo alkohola. Tokrat ni bilo tako, Whiskey me je samo \u0161e bolj utrudil, tako, da sem pristal v postelji. Pol pa \u010daj\u010dki, vitamini in\u2026","rel":"","context":"In &quot;Kar tako&quot;","block_context":{"text":"Kar tako","link":"https:\/\/www.damjanveber.com\/index.php\/category\/kar-tako\/"},"img":{"alt_text":"","src":"https:\/\/i0.wp.com\/www.damjanveber.com\/wp-content\/uploads\/2022\/10\/img_2648-scaled.jpg?fit=900%2C1200&ssl=1&resize=350%2C200","width":350,"height":200,"srcset":"https:\/\/i0.wp.com\/www.damjanveber.com\/wp-content\/uploads\/2022\/10\/img_2648-scaled.jpg?fit=900%2C1200&ssl=1&resize=350%2C200 1x, https:\/\/i0.wp.com\/www.damjanveber.com\/wp-content\/uploads\/2022\/10\/img_2648-scaled.jpg?fit=900%2C1200&ssl=1&resize=525%2C300 1.5x, https:\/\/i0.wp.com\/www.damjanveber.com\/wp-content\/uploads\/2022\/10\/img_2648-scaled.jpg?fit=900%2C1200&ssl=1&resize=700%2C400 2x"},"classes":[]},{"id":92,"url":"https:\/\/www.damjanveber.com\/index.php\/2022\/09\/16\/92\/","url_meta":{"origin":429,"position":4},"title":"\u017durka, prjatu ima 40","author":"admin","date":"16. septembra, 2022","format":false,"excerpt":"Ne vem, \u010de bi sploh \u0161el v slu\u017ebo. Sploh nisem ni\u010d spal, tale Sanja me razjeda.\u00a0 Razmi\u0161ljam in se nazadnje odlo\u010dim, NE, ne bom vrgel pu\u0161ke v koruzo tako hitro. Pripravim se scenarij kaj ji bom povedal, ko me naslednju\u010d napade.\u00a0 V slu\u017ebi jo ignoriram in delam svojo delo. Obrnem\u2026","rel":"","context":"In &quot;Kar tako&quot;","block_context":{"text":"Kar tako","link":"https:\/\/www.damjanveber.com\/index.php\/category\/kar-tako\/"},"img":{"alt_text":"","src":"https:\/\/i0.wp.com\/www.damjanveber.com\/wp-content\/uploads\/2022\/09\/47A77F4B-4A37-494C-95FA-F4A30FBF3562-scaled.jpeg?fit=900%2C1200&ssl=1&resize=350%2C200","width":350,"height":200,"srcset":"https:\/\/i0.wp.com\/www.damjanveber.com\/wp-content\/uploads\/2022\/09\/47A77F4B-4A37-494C-95FA-F4A30FBF3562-scaled.jpeg?fit=900%2C1200&ssl=1&resize=350%2C200 1x, https:\/\/i0.wp.com\/www.damjanveber.com\/wp-content\/uploads\/2022\/09\/47A77F4B-4A37-494C-95FA-F4A30FBF3562-scaled.jpeg?fit=900%2C1200&ssl=1&resize=525%2C300 1.5x, https:\/\/i0.wp.com\/www.damjanveber.com\/wp-content\/uploads\/2022\/09\/47A77F4B-4A37-494C-95FA-F4A30FBF3562-scaled.jpeg?fit=900%2C1200&ssl=1&resize=700%2C400 2x"},"classes":[]},{"id":698,"url":"https:\/\/www.damjanveber.com\/index.php\/2023\/01\/04\/masterchef-projekt-zakljucen-lustn-je-blo\/","url_meta":{"origin":429,"position":5},"title":"Masterchef, projekt zaklju\u010den, lu\u0161tn je blo","author":"admin","date":"4. januarja, 2023","format":false,"excerpt":"In pri\u0161li smo do konca, sprejel sem odlo\u010ditev, NE bom se udele\u017eil Masterchef. Glavni razlog je to, da me kuhanje ni prijelo, rad kuham za prijatelje, predvsem Steake, da pa se bom u\u010dil kuhat torte ali potice mi pa ni. Vztrajal sem skoraj 4 mesece, kuhal razli\u010dne jedi in se\u2026","rel":"","context":"In &quot;Kar tako&quot;","block_context":{"text":"Kar tako","link":"https:\/\/www.damjanveber.com\/index.php\/category\/kar-tako\/"},"img":{"alt_text":"","src":"https:\/\/i0.wp.com\/www.damjanveber.com\/wp-content\/uploads\/2023\/10\/IMG_0173-scaled.jpg?fit=900%2C1200&ssl=1&resize=350%2C200","width":350,"height":200,"srcset":"https:\/\/i0.wp.com\/www.damjanveber.com\/wp-content\/uploads\/2023\/10\/IMG_0173-scaled.jpg?fit=900%2C1200&ssl=1&resize=350%2C200 1x, https:\/\/i0.wp.com\/www.damjanveber.com\/wp-content\/uploads\/2023\/10\/IMG_0173-scaled.jpg?fit=900%2C1200&ssl=1&resize=525%2C300 1.5x, https:\/\/i0.wp.com\/www.damjanveber.com\/wp-content\/uploads\/2023\/10\/IMG_0173-scaled.jpg?fit=900%2C1200&ssl=1&resize=700%2C400 2x"},"classes":[]}],"jetpack_sharing_enabled":true,"_links":{"self":[{"href":"https:\/\/www.damjanveber.com\/index.php\/wp-json\/wp\/v2\/posts\/429","targetHints":{"allow":["GET"]}}],"collection":[{"href":"https:\/\/www.damjanveber.com\/index.php\/wp-json\/wp\/v2\/posts"}],"about":[{"href":"https:\/\/www.damjanveber.com\/index.php\/wp-json\/wp\/v2\/types\/post"}],"author":[{"embeddable":true,"href":"https:\/\/www.damjanveber.com\/index.php\/wp-json\/wp\/v2\/users\/1"}],"replies":[{"embeddable":true,"href":"https:\/\/www.damjanveber.com\/index.php\/wp-json\/wp\/v2\/comments?post=429"}],"version-history":[{"count":2,"href":"https:\/\/www.damjanveber.com\/index.php\/wp-json\/wp\/v2\/posts\/429\/revisions"}],"predecessor-version":[{"id":438,"href":"https:\/\/www.damjanveber.com\/index.php\/wp-json\/wp\/v2\/posts\/429\/revisions\/438"}],"wp:featuredmedia":[{"embeddable":true,"href":"https:\/\/www.damjanveber.com\/index.php\/wp-json\/wp\/v2\/media\/430"}],"wp:attachment":[{"href":"https:\/\/www.damjanveber.com\/index.php\/wp-json\/wp\/v2\/media?parent=429"}],"wp:term":[{"taxonomy":"category","embeddable":true,"href":"https:\/\/www.damjanveber.com\/index.php\/wp-json\/wp\/v2\/categories?post=429"},{"taxonomy":"post_tag","embeddable":true,"href":"https:\/\/www.damjanveber.com\/index.php\/wp-json\/wp\/v2\/tags?post=429"}],"curies":[{"name":"wp","href":"https:\/\/api.w.org\/{rel}","templated":true}]}}