{"id":596,"date":"2022-12-15T17:31:00","date_gmt":"2022-12-15T15:31:00","guid":{"rendered":"https:\/\/www.damjanveber.com\/?p=596"},"modified":"2023-10-22T17:35:26","modified_gmt":"2023-10-22T15:35:26","slug":"gremo-v-zagreb-na-fulzbal-tekmo","status":"publish","type":"post","link":"https:\/\/www.damjanveber.com\/index.php\/2022\/12\/15\/gremo-v-zagreb-na-fulzbal-tekmo\/","title":{"rendered":"Gremo v Zagreb na fulzbal tekmo"},"content":{"rendered":"\n<p>V soboto je tekma fuzbal svetovno prvenstvo Croatia vs Maroko. To je treba do\u017eivet seveda tam kjer se dogaja. Verjamem, da bo Zagreb poln in vzdu\u0161je tapravo, zato rezerviram vikend v Zagrebu. Lu\u0161tno bo.<\/p>\n\n\n\n<p><\/p>\n","protected":false},"excerpt":{"rendered":"<p>V soboto je tekma fuzbal svetovno prvenstvo Croatia vs Maroko. To je treba do\u017eivet seveda tam kjer se dogaja. Verjamem, da bo Zagreb poln in vzdu\u0161je tapravo, zato rezerviram vikend v Zagrebu. Lu\u0161tno bo.<\/p>\n","protected":false},"author":1,"featured_media":598,"comment_status":"open","ping_status":"open","sticky":false,"template":"","format":"standard","meta":{"om_disable_all_campaigns":false,"_monsterinsights_skip_tracking":false,"_monsterinsights_sitenote_active":false,"_monsterinsights_sitenote_note":"","_monsterinsights_sitenote_category":0,"_jetpack_memberships_contains_paid_content":false,"footnotes":"","jetpack_publicize_message":"","jetpack_publicize_feature_enabled":true,"jetpack_social_post_already_shared":true,"jetpack_social_options":{"image_generator_settings":{"template":"highway","default_image_id":0,"enabled":false},"version":2}},"categories":[9],"tags":[],"class_list":["post-596","post","type-post","status-publish","format-standard","has-post-thumbnail","hentry","category-turizem"],"aioseo_notices":[],"jetpack_publicize_connections":[],"jetpack_featured_media_url":"https:\/\/i0.wp.com\/www.damjanveber.com\/wp-content\/uploads\/2023\/10\/IMG_0062.png?fit=1290%2C2796&ssl=1","jetpack-related-posts":[{"id":613,"url":"https:\/\/www.damjanveber.com\/index.php\/2022\/12\/18\/zajtrk-v-eggspress-zagreb\/","url_meta":{"origin":596,"position":0},"title":"Zajtrk v Eggspress, Zagreb","author":"admin","date":"18. decembra, 2022","format":false,"excerpt":"Zjutraj gremo na zajtrk po tistemu kar najde TripAdvisor. Tale Eggspress po ocenah obeta. Pridemo tja in se \u010daka cca pol ure, pa so komaj odprli. Imajo jajca Benedikt tak da bom kar to vzel. Top zajtrk, vse kar prinesejo izgleda okusno, priporo\u010dam.","rel":"","context":"In &quot;Gourmet&quot;","block_context":{"text":"Gourmet","link":"https:\/\/www.damjanveber.com\/index.php\/category\/gourmet\/"},"img":{"alt_text":"","src":"https:\/\/i0.wp.com\/www.damjanveber.com\/wp-content\/uploads\/2023\/10\/IMG_0078-scaled.jpg?fit=900%2C1200&ssl=1&resize=350%2C200","width":350,"height":200,"srcset":"https:\/\/i0.wp.com\/www.damjanveber.com\/wp-content\/uploads\/2023\/10\/IMG_0078-scaled.jpg?fit=900%2C1200&ssl=1&resize=350%2C200 1x, https:\/\/i0.wp.com\/www.damjanveber.com\/wp-content\/uploads\/2023\/10\/IMG_0078-scaled.jpg?fit=900%2C1200&ssl=1&resize=525%2C300 1.5x, https:\/\/i0.wp.com\/www.damjanveber.com\/wp-content\/uploads\/2023\/10\/IMG_0078-scaled.jpg?fit=900%2C1200&ssl=1&resize=700%2C400 2x"},"classes":[]},{"id":608,"url":"https:\/\/www.damjanveber.com\/index.php\/2022\/12\/17\/tekma-cro-vs-maroco\/","url_meta":{"origin":596,"position":1},"title":"Tekma Cro vs Maroco","author":"admin","date":"17. decembra, 2022","format":false,"excerpt":"\u0160ibamo v Zagreb. Vse je zabito, \u0161e dobr da smo \u0161li tolk prej. Gremo na glavni trg kjer se navija. Res super vzdu\u0161je, navijamo za Hrvate. To je tist kot da bi bil na tekmi, pr nas bi peli kdor ne ska\u0161e ni Slovenc, no tuki je pa nekej druzga\u2026","rel":"","context":"In &quot;Turizem&quot;","block_context":{"text":"Turizem","link":"https:\/\/www.damjanveber.com\/index.php\/category\/turizem\/"},"img":{"alt_text":"","src":"https:\/\/i0.wp.com\/www.damjanveber.com\/wp-content\/uploads\/2023\/10\/1671291568542415.jpg?fit=1200%2C675&ssl=1&resize=350%2C200","width":350,"height":200,"srcset":"https:\/\/i0.wp.com\/www.damjanveber.com\/wp-content\/uploads\/2023\/10\/1671291568542415.jpg?fit=1200%2C675&ssl=1&resize=350%2C200 1x, https:\/\/i0.wp.com\/www.damjanveber.com\/wp-content\/uploads\/2023\/10\/1671291568542415.jpg?fit=1200%2C675&ssl=1&resize=525%2C300 1.5x, https:\/\/i0.wp.com\/www.damjanveber.com\/wp-content\/uploads\/2023\/10\/1671291568542415.jpg?fit=1200%2C675&ssl=1&resize=700%2C400 2x, https:\/\/i0.wp.com\/www.damjanveber.com\/wp-content\/uploads\/2023\/10\/1671291568542415.jpg?fit=1200%2C675&ssl=1&resize=1050%2C600 3x"},"classes":[]},{"id":281,"url":"https:\/\/www.damjanveber.com\/index.php\/2022\/10\/13\/pejd-u-k-pa-ta-tr\/","url_meta":{"origin":596,"position":2},"title":"Pejd u k* pa ta TR","author":"admin","date":"13. oktobra, 2022","format":false,"excerpt":"Danes v kuhni spet kaoti\u010dno. Natakarji so besni, vsake 5 minut kli\u010dejo za teden restavracij (TR). Kaj je res te\u017eko razmet, da restavracije nimajo ni\u010d s tem. Vse rezervacije potekajo preko spletne strani https:\/\/www.vivi.si in samo tu se lahko naro\u010di za mizo. Kako poteka pa povezava med vivi in restavracijami\u2026","rel":"","context":"In &quot;Kar tako&quot;","block_context":{"text":"Kar tako","link":"https:\/\/www.damjanveber.com\/index.php\/category\/kar-tako\/"},"img":{"alt_text":"","src":"https:\/\/i0.wp.com\/www.damjanveber.com\/wp-content\/uploads\/2022\/10\/img_2598-scaled.jpg?fit=900%2C1200&ssl=1&resize=350%2C200","width":350,"height":200,"srcset":"https:\/\/i0.wp.com\/www.damjanveber.com\/wp-content\/uploads\/2022\/10\/img_2598-scaled.jpg?fit=900%2C1200&ssl=1&resize=350%2C200 1x, https:\/\/i0.wp.com\/www.damjanveber.com\/wp-content\/uploads\/2022\/10\/img_2598-scaled.jpg?fit=900%2C1200&ssl=1&resize=525%2C300 1.5x, https:\/\/i0.wp.com\/www.damjanveber.com\/wp-content\/uploads\/2022\/10\/img_2598-scaled.jpg?fit=900%2C1200&ssl=1&resize=700%2C400 2x"},"classes":[]},{"id":348,"url":"https:\/\/www.damjanveber.com\/index.php\/2022\/10\/25\/site-closed-2-dan\/","url_meta":{"origin":596,"position":3},"title":"Site Closed &#8211; 2. dan","author":"admin","date":"25. oktobra, 2022","format":false,"excerpt":"Doma si pri\u0161em zapiske ZA in PROTI projektu MasterChef. Nikoli ni bilo to moja ideja, da bi \u0161el v show MasterChef, prijavili so me sodelavci. Pa sem rekel, lahko probam do Novega leta in vidim kaj bo, \u010de me kuhanje ne bo prevzelo nima smisla nadaljevat. Odkar pa sem v\u2026","rel":"","context":"In &quot;Kar tako&quot;","block_context":{"text":"Kar tako","link":"https:\/\/www.damjanveber.com\/index.php\/category\/kar-tako\/"},"img":{"alt_text":"","src":"https:\/\/i0.wp.com\/www.damjanveber.com\/wp-content\/uploads\/2022\/10\/Screenshot-2022-10-26-at-10.26.25.png?fit=1200%2C779&ssl=1&resize=350%2C200","width":350,"height":200,"srcset":"https:\/\/i0.wp.com\/www.damjanveber.com\/wp-content\/uploads\/2022\/10\/Screenshot-2022-10-26-at-10.26.25.png?fit=1200%2C779&ssl=1&resize=350%2C200 1x, https:\/\/i0.wp.com\/www.damjanveber.com\/wp-content\/uploads\/2022\/10\/Screenshot-2022-10-26-at-10.26.25.png?fit=1200%2C779&ssl=1&resize=525%2C300 1.5x, https:\/\/i0.wp.com\/www.damjanveber.com\/wp-content\/uploads\/2022\/10\/Screenshot-2022-10-26-at-10.26.25.png?fit=1200%2C779&ssl=1&resize=700%2C400 2x, https:\/\/i0.wp.com\/www.damjanveber.com\/wp-content\/uploads\/2022\/10\/Screenshot-2022-10-26-at-10.26.25.png?fit=1200%2C779&ssl=1&resize=1050%2C600 3x"},"classes":[]},{"id":372,"url":"https:\/\/www.damjanveber.com\/index.php\/2022\/11\/01\/prvi-dan-dopusta-prvi-zaplet\/","url_meta":{"origin":596,"position":4},"title":"Prvi dan dopusta, prvi zaplet","author":"admin","date":"1. novembra, 2022","format":false,"excerpt":"Po celodnevnem potovanju v nedeljo prispemo v ponedeljek pono\u010di na Fuerteventura. Takoj po pristanku nas \u010daka presene\u010denje, rentacar je napa\u010dno rezerviran. Imeli smo rezervacijo od sobote, ker pa je bil let storniran, smo pozabili zamakniti rezervacijo na dan kasneje. Na sre\u010dno ni ve\u010d te\u017eav z najemi kot v \u010dasu Covida,\u2026","rel":"","context":"In &quot;Saj ni res pa je&quot;","block_context":{"text":"Saj ni res pa je","link":"https:\/\/www.damjanveber.com\/index.php\/category\/saj-ni-res-pa-je\/"},"img":{"alt_text":"","src":"https:\/\/i0.wp.com\/www.damjanveber.com\/wp-content\/uploads\/2022\/11\/img_2705-scaled.jpg?fit=900%2C1200&ssl=1&resize=350%2C200","width":350,"height":200,"srcset":"https:\/\/i0.wp.com\/www.damjanveber.com\/wp-content\/uploads\/2022\/11\/img_2705-scaled.jpg?fit=900%2C1200&ssl=1&resize=350%2C200 1x, https:\/\/i0.wp.com\/www.damjanveber.com\/wp-content\/uploads\/2022\/11\/img_2705-scaled.jpg?fit=900%2C1200&ssl=1&resize=525%2C300 1.5x, https:\/\/i0.wp.com\/www.damjanveber.com\/wp-content\/uploads\/2022\/11\/img_2705-scaled.jpg?fit=900%2C1200&ssl=1&resize=700%2C400 2x"},"classes":[]},{"id":159,"url":"https:\/\/www.damjanveber.com\/index.php\/2022\/09\/22\/tima-presenetiva-z-obiskom-pri-njem-na-tenerife\/","url_meta":{"origin":596,"position":5},"title":"Tima presenetiva z obiskom pri njem na Tenerife","author":"admin","date":"22. septembra, 2022","format":false,"excerpt":"Tim ima rojstni dan. Za presene\u010denje ga obi\u0161\u010deva z Markom pri njem na Tenerife. Zgodaj zjutraj se odpraviva na letali\u0161\u010de Dunaj. Spet sem pozen in ti\u0161\u010dim po gasu in verjetn bom spet dobil kak\u0161en radar za pla\u010dat. Vmes posku\u0161am rezervirari parking na letali\u0161\u010du a je vse rezervirano. Kot ponavadi me\u2026","rel":"","context":"In &quot;Gadget&quot;","block_context":{"text":"Gadget","link":"https:\/\/www.damjanveber.com\/index.php\/category\/gadget\/"},"img":{"alt_text":"","src":"https:\/\/i0.wp.com\/www.damjanveber.com\/wp-content\/uploads\/2022\/09\/C8D5DCD8-366E-4D4A-A2D0-DB404A9E241C-scaled.jpeg?fit=900%2C1200&ssl=1&resize=350%2C200","width":350,"height":200,"srcset":"https:\/\/i0.wp.com\/www.damjanveber.com\/wp-content\/uploads\/2022\/09\/C8D5DCD8-366E-4D4A-A2D0-DB404A9E241C-scaled.jpeg?fit=900%2C1200&ssl=1&resize=350%2C200 1x, https:\/\/i0.wp.com\/www.damjanveber.com\/wp-content\/uploads\/2022\/09\/C8D5DCD8-366E-4D4A-A2D0-DB404A9E241C-scaled.jpeg?fit=900%2C1200&ssl=1&resize=525%2C300 1.5x, https:\/\/i0.wp.com\/www.damjanveber.com\/wp-content\/uploads\/2022\/09\/C8D5DCD8-366E-4D4A-A2D0-DB404A9E241C-scaled.jpeg?fit=900%2C1200&ssl=1&resize=700%2C400 2x"},"classes":[]}],"jetpack_sharing_enabled":true,"_links":{"self":[{"href":"https:\/\/www.damjanveber.com\/index.php\/wp-json\/wp\/v2\/posts\/596","targetHints":{"allow":["GET"]}}],"collection":[{"href":"https:\/\/www.damjanveber.com\/index.php\/wp-json\/wp\/v2\/posts"}],"about":[{"href":"https:\/\/www.damjanveber.com\/index.php\/wp-json\/wp\/v2\/types\/post"}],"author":[{"embeddable":true,"href":"https:\/\/www.damjanveber.com\/index.php\/wp-json\/wp\/v2\/users\/1"}],"replies":[{"embeddable":true,"href":"https:\/\/www.damjanveber.com\/index.php\/wp-json\/wp\/v2\/comments?post=596"}],"version-history":[{"count":1,"href":"https:\/\/www.damjanveber.com\/index.php\/wp-json\/wp\/v2\/posts\/596\/revisions"}],"predecessor-version":[{"id":599,"href":"https:\/\/www.damjanveber.com\/index.php\/wp-json\/wp\/v2\/posts\/596\/revisions\/599"}],"wp:featuredmedia":[{"embeddable":true,"href":"https:\/\/www.damjanveber.com\/index.php\/wp-json\/wp\/v2\/media\/598"}],"wp:attachment":[{"href":"https:\/\/www.damjanveber.com\/index.php\/wp-json\/wp\/v2\/media?parent=596"}],"wp:term":[{"taxonomy":"category","embeddable":true,"href":"https:\/\/www.damjanveber.com\/index.php\/wp-json\/wp\/v2\/categories?post=596"},{"taxonomy":"post_tag","embeddable":true,"href":"https:\/\/www.damjanveber.com\/index.php\/wp-json\/wp\/v2\/tags?post=596"}],"curies":[{"name":"wp","href":"https:\/\/api.w.org\/{rel}","templated":true}]}}