{"id":626,"date":"2022-12-20T18:14:00","date_gmt":"2022-12-20T16:14:00","guid":{"rendered":"https:\/\/www.damjanveber.com\/?p=626"},"modified":"2023-10-22T18:18:25","modified_gmt":"2023-10-22T16:18:25","slug":"zala-praznuje-18","status":"publish","type":"post","link":"https:\/\/www.damjanveber.com\/index.php\/2022\/12\/20\/zala-praznuje-18\/","title":{"rendered":"Zala praznuje 18"},"content":{"rendered":"\n<p>Danes praznujemo ZaLINIH 18. Sicer \u0161e ni 18, ampak takrat ko bo bomo \u017ee na Japonskem. Pa smo naro\u010dil eno torto, ki je bo\u017eanska. Ne jem sladic, ampak tole sem pa kar 2 kosa.<\/p>\n\n\n\n<p><\/p>\n","protected":false},"excerpt":{"rendered":"<p>Danes praznujemo ZaLINIH 18. Sicer \u0161e ni 18, ampak takrat ko bo bomo \u017ee na Japonskem. Pa smo naro\u010dil eno torto, ki je bo\u017eanska. Ne jem sladic, ampak tole sem pa kar 2 kosa.<\/p>\n","protected":false},"author":1,"featured_media":628,"comment_status":"open","ping_status":"open","sticky":false,"template":"","format":"standard","meta":{"om_disable_all_campaigns":false,"_monsterinsights_skip_tracking":false,"_monsterinsights_sitenote_active":false,"_monsterinsights_sitenote_note":"","_monsterinsights_sitenote_category":0,"_jetpack_memberships_contains_paid_content":false,"footnotes":"","jetpack_publicize_message":"","jetpack_publicize_feature_enabled":true,"jetpack_social_post_already_shared":true,"jetpack_social_options":{"image_generator_settings":{"template":"highway","default_image_id":0,"enabled":false},"version":2}},"categories":[10],"tags":[],"class_list":["post-626","post","type-post","status-publish","format-standard","has-post-thumbnail","hentry","category-dobr-za-prste-obliznt"],"aioseo_notices":[],"jetpack_publicize_connections":[],"jetpack_featured_media_url":"https:\/\/i0.wp.com\/www.damjanveber.com\/wp-content\/uploads\/2023\/10\/IMG_0088-scaled.jpg?fit=2560%2C1920&ssl=1","jetpack-related-posts":[{"id":452,"url":"https:\/\/www.damjanveber.com\/index.php\/2022\/11\/20\/nedelja-prvi-worldcup-fuzbal\/","url_meta":{"origin":626,"position":0},"title":"Nedelja, prvi WorldCup fuzbal","author":"admin","date":"20. novembra, 2022","format":false,"excerpt":"Za\u010delo se je svetovno prvenstvo nogometa v Quatarju. Zjutraj \u0161ibam na Tenerife, kjer ima Tim tekmo. Tekma je na jugu Tenerifov. Dobr, so zgubili z 0:1, ampak Tim je dobro igral. Po tekmi \u0161ibava v Las Americas, ta slovi po mnogih barih in \u017eurkah na jugu Tenerofov. Tam bova ziher\u2026","rel":"","context":"In &quot;Kar tako&quot;","block_context":{"text":"Kar tako","link":"https:\/\/www.damjanveber.com\/index.php\/category\/kar-tako\/"},"img":{"alt_text":"","src":"https:\/\/i0.wp.com\/www.damjanveber.com\/wp-content\/uploads\/2022\/11\/266629CD-ED72-4391-A71A-F1732B118856-scaled.jpeg?fit=1200%2C900&ssl=1&resize=350%2C200","width":350,"height":200,"srcset":"https:\/\/i0.wp.com\/www.damjanveber.com\/wp-content\/uploads\/2022\/11\/266629CD-ED72-4391-A71A-F1732B118856-scaled.jpeg?fit=1200%2C900&ssl=1&resize=350%2C200 1x, https:\/\/i0.wp.com\/www.damjanveber.com\/wp-content\/uploads\/2022\/11\/266629CD-ED72-4391-A71A-F1732B118856-scaled.jpeg?fit=1200%2C900&ssl=1&resize=525%2C300 1.5x, https:\/\/i0.wp.com\/www.damjanveber.com\/wp-content\/uploads\/2022\/11\/266629CD-ED72-4391-A71A-F1732B118856-scaled.jpeg?fit=1200%2C900&ssl=1&resize=700%2C400 2x, https:\/\/i0.wp.com\/www.damjanveber.com\/wp-content\/uploads\/2022\/11\/266629CD-ED72-4391-A71A-F1732B118856-scaled.jpeg?fit=1200%2C900&ssl=1&resize=1050%2C600 3x"},"classes":[]},{"id":638,"url":"https:\/\/www.damjanveber.com\/index.php\/2022\/12\/24\/hotel-abest\/","url_meta":{"origin":626,"position":1},"title":"Hotel Abest","author":"admin","date":"24. decembra, 2022","format":false,"excerpt":"Tale hotel\u010dek v centru Tokyo je prav simpati\u010den. To je ena veriga srednjega razreda polna hotelov s to znamko po Tokiju. Pustmo do, da so sobe tak velike, da se sploh ne more\u0161 premikat, ampak ostalo pa \u0161tima, brezpla\u010dni wifi, kava, zajtr zjutraj odli\u010den. Sicer pa v Tokyo vsak centimer\u2026","rel":"","context":"In &quot;Kar tako&quot;","block_context":{"text":"Kar tako","link":"https:\/\/www.damjanveber.com\/index.php\/category\/kar-tako\/"},"img":{"alt_text":"","src":"https:\/\/i0.wp.com\/www.damjanveber.com\/wp-content\/uploads\/2023\/10\/IMG_0114-scaled.jpg?fit=900%2C1200&ssl=1&resize=350%2C200","width":350,"height":200,"srcset":"https:\/\/i0.wp.com\/www.damjanveber.com\/wp-content\/uploads\/2023\/10\/IMG_0114-scaled.jpg?fit=900%2C1200&ssl=1&resize=350%2C200 1x, https:\/\/i0.wp.com\/www.damjanveber.com\/wp-content\/uploads\/2023\/10\/IMG_0114-scaled.jpg?fit=900%2C1200&ssl=1&resize=525%2C300 1.5x, https:\/\/i0.wp.com\/www.damjanveber.com\/wp-content\/uploads\/2023\/10\/IMG_0114-scaled.jpg?fit=900%2C1200&ssl=1&resize=700%2C400 2x"},"classes":[]},{"id":445,"url":"https:\/\/www.damjanveber.com\/index.php\/2022\/11\/18\/petkov-burger\/","url_meta":{"origin":626,"position":2},"title":"Petkov burger","author":"admin","date":"18. novembra, 2022","format":false,"excerpt":"Kot ponavadi ob petkih je potrebno na burger. V El Cotillo poi\u0161\u010deva po priporo\u010dilu hamburgesario. Seveda, \u010disto po \u0161pansko je zaprta. Ne vem kako take gostilne sploh pre\u017eivijo, odprto imajo od 17-22 ure od \u010detrtka do nedelje, midva pa sva okoli v \u010dasu kosila. Ni kaj, je potrebno najdi drugo\u2026","rel":"","context":"In &quot;Gourmet&quot;","block_context":{"text":"Gourmet","link":"https:\/\/www.damjanveber.com\/index.php\/category\/gourmet\/"},"img":{"alt_text":"","src":"https:\/\/i0.wp.com\/www.damjanveber.com\/wp-content\/uploads\/2022\/11\/IMG_2921-scaled.jpg?fit=1200%2C900&ssl=1&resize=350%2C200","width":350,"height":200,"srcset":"https:\/\/i0.wp.com\/www.damjanveber.com\/wp-content\/uploads\/2022\/11\/IMG_2921-scaled.jpg?fit=1200%2C900&ssl=1&resize=350%2C200 1x, https:\/\/i0.wp.com\/www.damjanveber.com\/wp-content\/uploads\/2022\/11\/IMG_2921-scaled.jpg?fit=1200%2C900&ssl=1&resize=525%2C300 1.5x, https:\/\/i0.wp.com\/www.damjanveber.com\/wp-content\/uploads\/2022\/11\/IMG_2921-scaled.jpg?fit=1200%2C900&ssl=1&resize=700%2C400 2x, https:\/\/i0.wp.com\/www.damjanveber.com\/wp-content\/uploads\/2022\/11\/IMG_2921-scaled.jpg?fit=1200%2C900&ssl=1&resize=1050%2C600 3x"},"classes":[]},{"id":658,"url":"https:\/\/www.damjanveber.com\/index.php\/2022\/12\/28\/zala-rojstni-dan-in-karaoke\/","url_meta":{"origin":626,"position":3},"title":"Zala rojstni dan in Karaoke","author":"admin","date":"28. decembra, 2022","format":false,"excerpt":"Danes ima Zala rojstni dan. Hitro se domenim z na\u0161im organizatorjem, da pripravi eno fe\u0161to. Moram re\u010di, da je popolno druga\u010de kot pri nas, povabil je \u0161e vse hotelske delavce, tako da imamo pravi Evro\/Azijski \u017eur. Ampak tile Japonci se pa prav grebejo, kdo bo pel, pri nas jih je\u2026","rel":"","context":"In &quot;Kar tako&quot;","block_context":{"text":"Kar tako","link":"https:\/\/www.damjanveber.com\/index.php\/category\/kar-tako\/"},"img":{"alt_text":"","src":"https:\/\/i0.wp.com\/www.damjanveber.com\/wp-content\/uploads\/2023\/10\/IMG_0201-scaled.jpg?fit=1200%2C900&ssl=1&resize=350%2C200","width":350,"height":200,"srcset":"https:\/\/i0.wp.com\/www.damjanveber.com\/wp-content\/uploads\/2023\/10\/IMG_0201-scaled.jpg?fit=1200%2C900&ssl=1&resize=350%2C200 1x, https:\/\/i0.wp.com\/www.damjanveber.com\/wp-content\/uploads\/2023\/10\/IMG_0201-scaled.jpg?fit=1200%2C900&ssl=1&resize=525%2C300 1.5x, https:\/\/i0.wp.com\/www.damjanveber.com\/wp-content\/uploads\/2023\/10\/IMG_0201-scaled.jpg?fit=1200%2C900&ssl=1&resize=700%2C400 2x, https:\/\/i0.wp.com\/www.damjanveber.com\/wp-content\/uploads\/2023\/10\/IMG_0201-scaled.jpg?fit=1200%2C900&ssl=1&resize=1050%2C600 3x"},"classes":[]},{"id":571,"url":"https:\/\/www.damjanveber.com\/index.php\/2022\/12\/09\/fuzbal-hrvaska-vs-brasil\/","url_meta":{"origin":626,"position":4},"title":"Fuzbal Hrva\u0161ka vs Brasil","author":"admin","date":"9. decembra, 2022","format":false,"excerpt":"Danes je fuzbal tekma, ki se je ne zamudi. Oble\u010dem se v dres Brasil, da mal provociram moje fuzbalerje. Sej drga\u010d navijam za Hrvate, vseeno so na\u0161i sosedje, ampak mal je pa treba nagajat ;)","rel":"","context":"In &quot;Kar tako&quot;","block_context":{"text":"Kar tako","link":"https:\/\/www.damjanveber.com\/index.php\/category\/kar-tako\/"},"img":{"alt_text":"","src":"https:\/\/i0.wp.com\/www.damjanveber.com\/wp-content\/uploads\/2023\/10\/IMG_0052-scaled.jpg?fit=1200%2C900&ssl=1&resize=350%2C200","width":350,"height":200,"srcset":"https:\/\/i0.wp.com\/www.damjanveber.com\/wp-content\/uploads\/2023\/10\/IMG_0052-scaled.jpg?fit=1200%2C900&ssl=1&resize=350%2C200 1x, https:\/\/i0.wp.com\/www.damjanveber.com\/wp-content\/uploads\/2023\/10\/IMG_0052-scaled.jpg?fit=1200%2C900&ssl=1&resize=525%2C300 1.5x, https:\/\/i0.wp.com\/www.damjanveber.com\/wp-content\/uploads\/2023\/10\/IMG_0052-scaled.jpg?fit=1200%2C900&ssl=1&resize=700%2C400 2x, https:\/\/i0.wp.com\/www.damjanveber.com\/wp-content\/uploads\/2023\/10\/IMG_0052-scaled.jpg?fit=1200%2C900&ssl=1&resize=1050%2C600 3x"},"classes":[]},{"id":466,"url":"https:\/\/www.damjanveber.com\/index.php\/2022\/11\/24\/eset-dogodek-za-sponzorje\/","url_meta":{"origin":626,"position":5},"title":"Eset dogodek za sponzorje","author":"admin","date":"24. novembra, 2022","format":false,"excerpt":"Kot ponosni sponzor slovenske smu\u010darske reprezentance imamo tudi dogodke. V sklopu tega so tudi dogodki. Nazadnje sem rekel na\u0161emu organizatorju: \"Jo\u017eko z vsem spo\u0161tovanjem, ampak na pa\u0161tetke pa ne bom ve\u010d hodil\". Pa je rekel \"\u010duj, pa naslednje sre\u010danje naredimo pri vas\". Dogodek je bil namre\u010d v Droga Kolinska, kjer\u2026","rel":"","context":"In &quot;Kar tako&quot;","block_context":{"text":"Kar tako","link":"https:\/\/www.damjanveber.com\/index.php\/category\/kar-tako\/"},"img":{"alt_text":"","src":"https:\/\/i0.wp.com\/www.damjanveber.com\/wp-content\/uploads\/2022\/11\/IMG_6077-scaled.jpg?fit=900%2C1200&ssl=1&resize=350%2C200","width":350,"height":200,"srcset":"https:\/\/i0.wp.com\/www.damjanveber.com\/wp-content\/uploads\/2022\/11\/IMG_6077-scaled.jpg?fit=900%2C1200&ssl=1&resize=350%2C200 1x, https:\/\/i0.wp.com\/www.damjanveber.com\/wp-content\/uploads\/2022\/11\/IMG_6077-scaled.jpg?fit=900%2C1200&ssl=1&resize=525%2C300 1.5x, https:\/\/i0.wp.com\/www.damjanveber.com\/wp-content\/uploads\/2022\/11\/IMG_6077-scaled.jpg?fit=900%2C1200&ssl=1&resize=700%2C400 2x"},"classes":[]}],"jetpack_sharing_enabled":true,"_links":{"self":[{"href":"https:\/\/www.damjanveber.com\/index.php\/wp-json\/wp\/v2\/posts\/626","targetHints":{"allow":["GET"]}}],"collection":[{"href":"https:\/\/www.damjanveber.com\/index.php\/wp-json\/wp\/v2\/posts"}],"about":[{"href":"https:\/\/www.damjanveber.com\/index.php\/wp-json\/wp\/v2\/types\/post"}],"author":[{"embeddable":true,"href":"https:\/\/www.damjanveber.com\/index.php\/wp-json\/wp\/v2\/users\/1"}],"replies":[{"embeddable":true,"href":"https:\/\/www.damjanveber.com\/index.php\/wp-json\/wp\/v2\/comments?post=626"}],"version-history":[{"count":1,"href":"https:\/\/www.damjanveber.com\/index.php\/wp-json\/wp\/v2\/posts\/626\/revisions"}],"predecessor-version":[{"id":629,"href":"https:\/\/www.damjanveber.com\/index.php\/wp-json\/wp\/v2\/posts\/626\/revisions\/629"}],"wp:featuredmedia":[{"embeddable":true,"href":"https:\/\/www.damjanveber.com\/index.php\/wp-json\/wp\/v2\/media\/628"}],"wp:attachment":[{"href":"https:\/\/www.damjanveber.com\/index.php\/wp-json\/wp\/v2\/media?parent=626"}],"wp:term":[{"taxonomy":"category","embeddable":true,"href":"https:\/\/www.damjanveber.com\/index.php\/wp-json\/wp\/v2\/categories?post=626"},{"taxonomy":"post_tag","embeddable":true,"href":"https:\/\/www.damjanveber.com\/index.php\/wp-json\/wp\/v2\/tags?post=626"}],"curies":[{"name":"wp","href":"https:\/\/api.w.org\/{rel}","templated":true}]}}