{"id":63,"date":"2022-09-11T12:48:00","date_gmt":"2022-09-11T10:48:00","guid":{"rendered":"https:\/\/www.damjanveber.com\/?p=63"},"modified":"2023-10-18T20:19:17","modified_gmt":"2023-10-18T18:19:17","slug":"nedelja-dan-za-pocitek","status":"publish","type":"post","link":"https:\/\/www.damjanveber.com\/index.php\/2022\/09\/11\/nedelja-dan-za-pocitek\/","title":{"rendered":"Nedelja, dan za po\u010ditek"},"content":{"rendered":"\n<p>Zjutraj se z Zalo in Markom odpravimo v <a rel=\"noreferrer noopener\" href=\"https:\/\/www.racunalniski-muzej.si\/\" data-type=\"URL\" data-id=\"https:\/\/www.racunalniski-muzej.si\/\" target=\"_blank\">ra\u010dunalni\u0161ki muzej<\/a>, priporo\u010dam. Zve\u010der pa skupen sprehod na Orle, lu\u0161tn \ud83d\ude09<\/p>\n\n\n\n<p><\/p>\n\n\n\n<figure class=\"wp-block-image size-large\"><img data-recalc-dims=\"1\" loading=\"lazy\" decoding=\"async\" width=\"900\" height=\"675\" src=\"https:\/\/i0.wp.com\/www.damjanveber.com\/wp-content\/uploads\/2022\/10\/67CDB7EA-7CA2-4224-B8A3-1A95532E7462.jpeg?resize=900%2C675&#038;ssl=1\" alt=\"\" class=\"wp-image-123\" srcset=\"https:\/\/i0.wp.com\/www.damjanveber.com\/wp-content\/uploads\/2022\/10\/67CDB7EA-7CA2-4224-B8A3-1A95532E7462-scaled.jpeg?resize=1024%2C768&amp;ssl=1 1024w, https:\/\/i0.wp.com\/www.damjanveber.com\/wp-content\/uploads\/2022\/10\/67CDB7EA-7CA2-4224-B8A3-1A95532E7462-scaled.jpeg?resize=300%2C225&amp;ssl=1 300w, https:\/\/i0.wp.com\/www.damjanveber.com\/wp-content\/uploads\/2022\/10\/67CDB7EA-7CA2-4224-B8A3-1A95532E7462-scaled.jpeg?resize=768%2C576&amp;ssl=1 768w, https:\/\/i0.wp.com\/www.damjanveber.com\/wp-content\/uploads\/2022\/10\/67CDB7EA-7CA2-4224-B8A3-1A95532E7462-scaled.jpeg?resize=1536%2C1152&amp;ssl=1 1536w, https:\/\/i0.wp.com\/www.damjanveber.com\/wp-content\/uploads\/2022\/10\/67CDB7EA-7CA2-4224-B8A3-1A95532E7462-scaled.jpeg?resize=2048%2C1536&amp;ssl=1 2048w, https:\/\/i0.wp.com\/www.damjanveber.com\/wp-content\/uploads\/2022\/10\/67CDB7EA-7CA2-4224-B8A3-1A95532E7462-scaled.jpeg?w=1800&amp;ssl=1 1800w\" sizes=\"auto, (max-width: 900px) 100vw, 900px\" \/><\/figure>\n","protected":false},"excerpt":{"rendered":"<p>Zjutraj se z Zalo in Markom odpravimo v ra\u010dunalni\u0161ki muzej, priporo\u010dam. Zve\u010der pa skupen sprehod na Orle, lu\u0161tn \ud83d\ude09<\/p>\n","protected":false},"author":1,"featured_media":120,"comment_status":"open","ping_status":"open","sticky":false,"template":"","format":"standard","meta":{"om_disable_all_campaigns":false,"_monsterinsights_skip_tracking":false,"_monsterinsights_sitenote_active":false,"_monsterinsights_sitenote_note":"","_monsterinsights_sitenote_category":0,"_jetpack_memberships_contains_paid_content":false,"footnotes":"","jetpack_publicize_message":"","jetpack_publicize_feature_enabled":true,"jetpack_social_post_already_shared":false,"jetpack_social_options":{"image_generator_settings":{"template":"highway","default_image_id":0,"enabled":false},"version":2}},"categories":[9],"tags":[],"class_list":["post-63","post","type-post","status-publish","format-standard","has-post-thumbnail","hentry","category-turizem"],"aioseo_notices":[],"jetpack_publicize_connections":[],"jetpack_featured_media_url":"https:\/\/i0.wp.com\/www.damjanveber.com\/wp-content\/uploads\/2022\/09\/1CE85C08-DAED-4569-8623-A64856E1E478-scaled.jpeg?fit=2560%2C1920&ssl=1","jetpack-related-posts":[],"jetpack_sharing_enabled":true,"_links":{"self":[{"href":"https:\/\/www.damjanveber.com\/index.php\/wp-json\/wp\/v2\/posts\/63","targetHints":{"allow":["GET"]}}],"collection":[{"href":"https:\/\/www.damjanveber.com\/index.php\/wp-json\/wp\/v2\/posts"}],"about":[{"href":"https:\/\/www.damjanveber.com\/index.php\/wp-json\/wp\/v2\/types\/post"}],"author":[{"embeddable":true,"href":"https:\/\/www.damjanveber.com\/index.php\/wp-json\/wp\/v2\/users\/1"}],"replies":[{"embeddable":true,"href":"https:\/\/www.damjanveber.com\/index.php\/wp-json\/wp\/v2\/comments?post=63"}],"version-history":[{"count":7,"href":"https:\/\/www.damjanveber.com\/index.php\/wp-json\/wp\/v2\/posts\/63\/revisions"}],"predecessor-version":[{"id":124,"href":"https:\/\/www.damjanveber.com\/index.php\/wp-json\/wp\/v2\/posts\/63\/revisions\/124"}],"wp:featuredmedia":[{"embeddable":true,"href":"https:\/\/www.damjanveber.com\/index.php\/wp-json\/wp\/v2\/media\/120"}],"wp:attachment":[{"href":"https:\/\/www.damjanveber.com\/index.php\/wp-json\/wp\/v2\/media?parent=63"}],"wp:term":[{"taxonomy":"category","embeddable":true,"href":"https:\/\/www.damjanveber.com\/index.php\/wp-json\/wp\/v2\/categories?post=63"},{"taxonomy":"post_tag","embeddable":true,"href":"https:\/\/www.damjanveber.com\/index.php\/wp-json\/wp\/v2\/tags?post=63"}],"curies":[{"name":"wp","href":"https:\/\/api.w.org\/{rel}","templated":true}]}}