{"id":653,"date":"2022-12-27T18:53:00","date_gmt":"2022-12-27T16:53:00","guid":{"rendered":"https:\/\/www.damjanveber.com\/?p=653"},"modified":"2023-10-22T18:58:44","modified_gmt":"2023-10-22T16:58:44","slug":"shiga-kogen-smucanje-v-nagano","status":"publish","type":"post","link":"https:\/\/www.damjanveber.com\/index.php\/2022\/12\/27\/shiga-kogen-smucanje-v-nagano\/","title":{"rendered":"Shiga kogen smu\u010danje v Nagano"},"content":{"rendered":"\n<p>Zakaj smo pri\u0161li v Nagano je smu\u010danje po powdru in tukaj zraven vasi Yudanaka je smu\u010di\u0161\u010de Shiga Kogen. Hotel\u010dek je super majhen, tak pristem, ki ti takoj priraste k du\u0161i. <\/p>\n\n\n\n<p><\/p>\n\n\n\n<figure class=\"wp-block-image size-large\"><img data-recalc-dims=\"1\" loading=\"lazy\" decoding=\"async\" width=\"900\" height=\"675\" src=\"https:\/\/i0.wp.com\/www.damjanveber.com\/wp-content\/uploads\/2023\/10\/IMG_0200.jpg?resize=900%2C675&#038;ssl=1\" alt=\"\" class=\"wp-image-656\" srcset=\"https:\/\/i0.wp.com\/www.damjanveber.com\/wp-content\/uploads\/2023\/10\/IMG_0200-scaled.jpg?resize=1024%2C768&amp;ssl=1 1024w, https:\/\/i0.wp.com\/www.damjanveber.com\/wp-content\/uploads\/2023\/10\/IMG_0200-scaled.jpg?resize=300%2C225&amp;ssl=1 300w, https:\/\/i0.wp.com\/www.damjanveber.com\/wp-content\/uploads\/2023\/10\/IMG_0200-scaled.jpg?resize=768%2C576&amp;ssl=1 768w, https:\/\/i0.wp.com\/www.damjanveber.com\/wp-content\/uploads\/2023\/10\/IMG_0200-scaled.jpg?resize=1536%2C1152&amp;ssl=1 1536w, https:\/\/i0.wp.com\/www.damjanveber.com\/wp-content\/uploads\/2023\/10\/IMG_0200-scaled.jpg?resize=2048%2C1536&amp;ssl=1 2048w, https:\/\/i0.wp.com\/www.damjanveber.com\/wp-content\/uploads\/2023\/10\/IMG_0200-scaled.jpg?w=1800&amp;ssl=1 1800w\" sizes=\"auto, (max-width: 900px) 100vw, 900px\" \/><\/figure>\n","protected":false},"excerpt":{"rendered":"<p>Zakaj smo pri\u0161li v Nagano je smu\u010danje po powdru in tukaj zraven vasi Yudanaka je smu\u010di\u0161\u010de Shiga Kogen. Hotel\u010dek je super majhen, tak pristem, ki ti takoj priraste k du\u0161i.<\/p>\n","protected":false},"author":1,"featured_media":655,"comment_status":"open","ping_status":"open","sticky":false,"template":"","format":"standard","meta":{"om_disable_all_campaigns":false,"_monsterinsights_skip_tracking":false,"_monsterinsights_sitenote_active":false,"_monsterinsights_sitenote_note":"","_monsterinsights_sitenote_category":0,"_jetpack_memberships_contains_paid_content":false,"footnotes":"","jetpack_publicize_message":"","jetpack_publicize_feature_enabled":true,"jetpack_social_post_already_shared":true,"jetpack_social_options":{"image_generator_settings":{"template":"highway","default_image_id":0,"enabled":false},"version":2}},"categories":[12],"tags":[],"class_list":["post-653","post","type-post","status-publish","format-standard","has-post-thumbnail","hentry","category-vredno-ogleda"],"aioseo_notices":[],"jetpack_publicize_connections":[],"jetpack_featured_media_url":"https:\/\/i0.wp.com\/www.damjanveber.com\/wp-content\/uploads\/2023\/10\/IMG_0219-scaled.jpg?fit=2560%2C1920&ssl=1","jetpack-related-posts":[{"id":663,"url":"https:\/\/www.damjanveber.com\/index.php\/2022\/12\/29\/plavanje-na-minus-10-za-fazane\/","url_meta":{"origin":653,"position":0},"title":"Plavanje na minus 10 za fazane","author":"admin","date":"29. decembra, 2022","format":false,"excerpt":"Danes gremo ponovno v Shina Kogen, sam na drugo lokacijo. Vreme ni najbolj\u0161e, a dru\u017eba je taprava. Nazaj grede na\u0161 vodi\u010d obstane in moramo vsi cen iz avtobusa. Nakoncu se izka\u017ee, da morajo tisti, ki prvi\u010d u\u010dijo pri njem opraviti test vzdr\u017eljivosti na jezeru, kjer so temperature pod ni\u010dlo. In\u2026","rel":"","context":"In &quot;Kar tako&quot;","block_context":{"text":"Kar tako","link":"https:\/\/www.damjanveber.com\/index.php\/category\/kar-tako\/"},"img":{"alt_text":"","src":"https:\/\/i0.wp.com\/www.damjanveber.com\/wp-content\/uploads\/2023\/10\/IMG_0227-1-scaled.jpg?fit=1200%2C900&ssl=1&resize=350%2C200","width":350,"height":200,"srcset":"https:\/\/i0.wp.com\/www.damjanveber.com\/wp-content\/uploads\/2023\/10\/IMG_0227-1-scaled.jpg?fit=1200%2C900&ssl=1&resize=350%2C200 1x, https:\/\/i0.wp.com\/www.damjanveber.com\/wp-content\/uploads\/2023\/10\/IMG_0227-1-scaled.jpg?fit=1200%2C900&ssl=1&resize=525%2C300 1.5x, https:\/\/i0.wp.com\/www.damjanveber.com\/wp-content\/uploads\/2023\/10\/IMG_0227-1-scaled.jpg?fit=1200%2C900&ssl=1&resize=700%2C400 2x, https:\/\/i0.wp.com\/www.damjanveber.com\/wp-content\/uploads\/2023\/10\/IMG_0227-1-scaled.jpg?fit=1200%2C900&ssl=1&resize=1050%2C600 3x"},"classes":[]},{"id":646,"url":"https:\/\/www.damjanveber.com\/index.php\/2022\/12\/26\/via-nagano\/","url_meta":{"origin":653,"position":1},"title":"via Nagano","author":"admin","date":"26. decembra, 2022","format":false,"excerpt":"Po treh dnevih potujemo sever v Nagano, gremo \u0161e mal smu\u010dat na Powder, sem na\u0161el eno agencijo, ki to ponuja. Potujemo z vlakom, ki pa je res hiter.","rel":"","context":"In &quot;Turizem&quot;","block_context":{"text":"Turizem","link":"https:\/\/www.damjanveber.com\/index.php\/category\/turizem\/"},"img":{"alt_text":"","src":"https:\/\/i0.wp.com\/www.damjanveber.com\/wp-content\/uploads\/2023\/10\/IMG_0183.png?fit=554%2C1200&ssl=1&resize=350%2C200","width":350,"height":200,"srcset":"https:\/\/i0.wp.com\/www.damjanveber.com\/wp-content\/uploads\/2023\/10\/IMG_0183.png?fit=554%2C1200&ssl=1&resize=350%2C200 1x, https:\/\/i0.wp.com\/www.damjanveber.com\/wp-content\/uploads\/2023\/10\/IMG_0183.png?fit=554%2C1200&ssl=1&resize=525%2C300 1.5x"},"classes":[]},{"id":680,"url":"https:\/\/www.damjanveber.com\/index.php\/2023\/01\/01\/novo-leto-v-shibuya\/","url_meta":{"origin":653,"position":2},"title":"Novo leto v Shibuya","author":"admin","date":"1. januarja, 2023","format":false,"excerpt":"Seveda je bilo potrebno novo leto praznovati v Tokyo. Zjutraj \u0161e v Nagano, zve\u010der v Tokyo, povezave tukaj res \u0161timajo. V Shibuya imajo vsako leto od\u0161tevanje za Novo leto. Letos so ga zaradi Corone odpovedali. Vseeno nas je veliko, ki pridemo pogledat kaj se dogaja. Neverjetno, polno ljudi, policaji pa\u2026","rel":"","context":"In &quot;Kar tako&quot;","block_context":{"text":"Kar tako","link":"https:\/\/www.damjanveber.com\/index.php\/category\/kar-tako\/"},"img":{"alt_text":"","src":"https:\/\/i0.wp.com\/www.damjanveber.com\/wp-content\/uploads\/2023\/10\/IMG_0342-scaled.jpg?fit=1200%2C900&ssl=1&resize=350%2C200","width":350,"height":200,"srcset":"https:\/\/i0.wp.com\/www.damjanveber.com\/wp-content\/uploads\/2023\/10\/IMG_0342-scaled.jpg?fit=1200%2C900&ssl=1&resize=350%2C200 1x, https:\/\/i0.wp.com\/www.damjanveber.com\/wp-content\/uploads\/2023\/10\/IMG_0342-scaled.jpg?fit=1200%2C900&ssl=1&resize=525%2C300 1.5x, https:\/\/i0.wp.com\/www.damjanveber.com\/wp-content\/uploads\/2023\/10\/IMG_0342-scaled.jpg?fit=1200%2C900&ssl=1&resize=700%2C400 2x, https:\/\/i0.wp.com\/www.damjanveber.com\/wp-content\/uploads\/2023\/10\/IMG_0342-scaled.jpg?fit=1200%2C900&ssl=1&resize=1050%2C600 3x"},"classes":[]},{"id":583,"url":"https:\/\/www.damjanveber.com\/index.php\/2022\/12\/13\/kraja-v-naselju\/","url_meta":{"origin":653,"position":3},"title":"Kraja v naselju","author":"admin","date":"13. decembra, 2022","format":false,"excerpt":"Zjutraj me kli\u010de sosed, daj mal kamero poglej, meni so komplet orodja iz kombija odnesl. Pa to ni eno orodje, to je Makita, ki je vredno par tiso\u010d EUR. In res pregledam kamere, okol 3.30 ure 4 neznane osebe gladko hodijo po naselju in preverjajo kaj je za ukrast. Pri\u2026","rel":"","context":"In &quot;Kdo je tu nor?&quot;","block_context":{"text":"Kdo je tu nor?","link":"https:\/\/www.damjanveber.com\/index.php\/category\/kdo-je-tu-nor\/"},"img":{"alt_text":"","src":"https:\/\/i0.wp.com\/www.damjanveber.com\/wp-content\/uploads\/2022\/12\/1.jpg?fit=1200%2C730&ssl=1&resize=350%2C200","width":350,"height":200,"srcset":"https:\/\/i0.wp.com\/www.damjanveber.com\/wp-content\/uploads\/2022\/12\/1.jpg?fit=1200%2C730&ssl=1&resize=350%2C200 1x, https:\/\/i0.wp.com\/www.damjanveber.com\/wp-content\/uploads\/2022\/12\/1.jpg?fit=1200%2C730&ssl=1&resize=525%2C300 1.5x, https:\/\/i0.wp.com\/www.damjanveber.com\/wp-content\/uploads\/2022\/12\/1.jpg?fit=1200%2C730&ssl=1&resize=700%2C400 2x, https:\/\/i0.wp.com\/www.damjanveber.com\/wp-content\/uploads\/2022\/12\/1.jpg?fit=1200%2C730&ssl=1&resize=1050%2C600 3x"},"classes":[]},{"id":456,"url":"https:\/\/www.damjanveber.com\/index.php\/2022\/11\/21\/sushi-v-corralejo\/","url_meta":{"origin":653,"position":4},"title":"Sushi v Corralejo","author":"admin","date":"21. novembra, 2022","format":false,"excerpt":"V Corralejo imajo novo japonsko restavracijo AISushi. Vsekakor je potrebno sprobat novo restavracijo. Odprla se je 3 mesece nazaj. Izka\u017ee se med bolj\u0161imi. \u010ce primerjam z japonskimi restavracijami v Ljubljani je eden bolj\u0161ih sushi restavracij. Da pa ne govorimo o ceni, za 10\u20ac se napoka\u0161 do sitega, kar je za\u2026","rel":"","context":"In &quot;Gourmet&quot;","block_context":{"text":"Gourmet","link":"https:\/\/www.damjanveber.com\/index.php\/category\/gourmet\/"},"img":{"alt_text":"","src":"https:\/\/i0.wp.com\/www.damjanveber.com\/wp-content\/uploads\/2022\/11\/295F8EA4-4A48-45B0-8280-246966ACDB59-scaled.jpeg?fit=900%2C1200&ssl=1&resize=350%2C200","width":350,"height":200,"srcset":"https:\/\/i0.wp.com\/www.damjanveber.com\/wp-content\/uploads\/2022\/11\/295F8EA4-4A48-45B0-8280-246966ACDB59-scaled.jpeg?fit=900%2C1200&ssl=1&resize=350%2C200 1x, https:\/\/i0.wp.com\/www.damjanveber.com\/wp-content\/uploads\/2022\/11\/295F8EA4-4A48-45B0-8280-246966ACDB59-scaled.jpeg?fit=900%2C1200&ssl=1&resize=525%2C300 1.5x, https:\/\/i0.wp.com\/www.damjanveber.com\/wp-content\/uploads\/2022\/11\/295F8EA4-4A48-45B0-8280-246966ACDB59-scaled.jpeg?fit=900%2C1200&ssl=1&resize=700%2C400 2x"},"classes":[]},{"id":11,"url":"https:\/\/www.damjanveber.com\/index.php\/2022\/09\/09\/petek-22-9-2022\/","url_meta":{"origin":653,"position":5},"title":"Prvi razgovor za delo v kuhinji","author":"admin","date":"9. septembra, 2022","format":false,"excerpt":"Za za\u010detek se odlo\u010dim, da bom pomagal v kuhinji, kjer bi delal pro-bomo in s tem nabiral izku\u0161nje v kuhinji. Ob 15.00 uri imam \u017ee prvi razgovor v Shambali. To je azijska restavracija, katere lastnik je moj prijatelj Denis. Skupaj z \u017eeno se odpraviva v center Ljubljane. Na sestanku nas\u2026","rel":"","context":"In &quot;Kar tako&quot;","block_context":{"text":"Kar tako","link":"https:\/\/www.damjanveber.com\/index.php\/category\/kar-tako\/"},"img":{"alt_text":"","src":"https:\/\/i0.wp.com\/www.damjanveber.com\/wp-content\/uploads\/2022\/09\/62663B11-CAE4-4C81-91DD-69875E2D0A8E-scaled.jpeg?fit=900%2C1200&ssl=1&resize=350%2C200","width":350,"height":200,"srcset":"https:\/\/i0.wp.com\/www.damjanveber.com\/wp-content\/uploads\/2022\/09\/62663B11-CAE4-4C81-91DD-69875E2D0A8E-scaled.jpeg?fit=900%2C1200&ssl=1&resize=350%2C200 1x, https:\/\/i0.wp.com\/www.damjanveber.com\/wp-content\/uploads\/2022\/09\/62663B11-CAE4-4C81-91DD-69875E2D0A8E-scaled.jpeg?fit=900%2C1200&ssl=1&resize=525%2C300 1.5x, https:\/\/i0.wp.com\/www.damjanveber.com\/wp-content\/uploads\/2022\/09\/62663B11-CAE4-4C81-91DD-69875E2D0A8E-scaled.jpeg?fit=900%2C1200&ssl=1&resize=700%2C400 2x"},"classes":[]}],"jetpack_sharing_enabled":true,"_links":{"self":[{"href":"https:\/\/www.damjanveber.com\/index.php\/wp-json\/wp\/v2\/posts\/653","targetHints":{"allow":["GET"]}}],"collection":[{"href":"https:\/\/www.damjanveber.com\/index.php\/wp-json\/wp\/v2\/posts"}],"about":[{"href":"https:\/\/www.damjanveber.com\/index.php\/wp-json\/wp\/v2\/types\/post"}],"author":[{"embeddable":true,"href":"https:\/\/www.damjanveber.com\/index.php\/wp-json\/wp\/v2\/users\/1"}],"replies":[{"embeddable":true,"href":"https:\/\/www.damjanveber.com\/index.php\/wp-json\/wp\/v2\/comments?post=653"}],"version-history":[{"count":1,"href":"https:\/\/www.damjanveber.com\/index.php\/wp-json\/wp\/v2\/posts\/653\/revisions"}],"predecessor-version":[{"id":657,"href":"https:\/\/www.damjanveber.com\/index.php\/wp-json\/wp\/v2\/posts\/653\/revisions\/657"}],"wp:featuredmedia":[{"embeddable":true,"href":"https:\/\/www.damjanveber.com\/index.php\/wp-json\/wp\/v2\/media\/655"}],"wp:attachment":[{"href":"https:\/\/www.damjanveber.com\/index.php\/wp-json\/wp\/v2\/media?parent=653"}],"wp:term":[{"taxonomy":"category","embeddable":true,"href":"https:\/\/www.damjanveber.com\/index.php\/wp-json\/wp\/v2\/categories?post=653"},{"taxonomy":"post_tag","embeddable":true,"href":"https:\/\/www.damjanveber.com\/index.php\/wp-json\/wp\/v2\/tags?post=653"}],"curies":[{"name":"wp","href":"https:\/\/api.w.org\/{rel}","templated":true}]}}