{"id":658,"date":"2022-12-28T18:59:00","date_gmt":"2022-12-28T16:59:00","guid":{"rendered":"https:\/\/www.damjanveber.com\/?p=658"},"modified":"2023-10-22T19:02:53","modified_gmt":"2023-10-22T17:02:53","slug":"zala-rojstni-dan-in-karaoke","status":"publish","type":"post","link":"https:\/\/www.damjanveber.com\/index.php\/2022\/12\/28\/zala-rojstni-dan-in-karaoke\/","title":{"rendered":"Zala rojstni dan in Karaoke"},"content":{"rendered":"\n<p>Danes ima Zala rojstni dan. Hitro se domenim z na\u0161im organizatorjem, da pripravi eno fe\u0161to. Moram re\u010di, da je popolno druga\u010de kot pri nas, povabil je \u0161e vse hotelske delavce, tako da imamo pravi Evro\/Azijski \u017eur. Ampak tile Japonci se pa prav grebejo, kdo bo pel, pri nas jih je pa treba fehtat.<\/p>\n\n\n\n<figure class=\"wp-block-video\"><video controls src=\"https:\/\/www.damjanveber.com\/wp-content\/uploads\/2023\/10\/IMG_0212.mov\"><\/video><\/figure>\n","protected":false},"excerpt":{"rendered":"<p>Danes ima Zala rojstni dan. Hitro se domenim z na\u0161im organizatorjem, da pripravi eno fe\u0161to. Moram re\u010di, da je popolno druga\u010de kot pri nas, povabil je \u0161e vse hotelske delavce, tako da imamo pravi Evro\/Azijski \u017eur. Ampak tile Japonci se pa prav grebejo, kdo bo pel, pri nas jih je pa treba fehtat.<\/p>\n","protected":false},"author":1,"featured_media":660,"comment_status":"open","ping_status":"open","sticky":false,"template":"","format":"standard","meta":{"om_disable_all_campaigns":false,"_monsterinsights_skip_tracking":false,"_monsterinsights_sitenote_active":false,"_monsterinsights_sitenote_note":"","_monsterinsights_sitenote_category":0,"_jetpack_memberships_contains_paid_content":false,"footnotes":"","jetpack_publicize_message":"","jetpack_publicize_feature_enabled":true,"jetpack_social_post_already_shared":true,"jetpack_social_options":{"image_generator_settings":{"template":"highway","default_image_id":0,"enabled":false},"version":2}},"categories":[1],"tags":[],"class_list":["post-658","post","type-post","status-publish","format-standard","has-post-thumbnail","hentry","category-kar-tako"],"aioseo_notices":[],"jetpack_publicize_connections":[],"jetpack_featured_media_url":"https:\/\/i0.wp.com\/www.damjanveber.com\/wp-content\/uploads\/2023\/10\/IMG_0201-scaled.jpg?fit=2560%2C1920&ssl=1","jetpack-related-posts":[{"id":159,"url":"https:\/\/www.damjanveber.com\/index.php\/2022\/09\/22\/tima-presenetiva-z-obiskom-pri-njem-na-tenerife\/","url_meta":{"origin":658,"position":0},"title":"Tima presenetiva z obiskom pri njem na Tenerife","author":"admin","date":"22. septembra, 2022","format":false,"excerpt":"Tim ima rojstni dan. Za presene\u010denje ga obi\u0161\u010deva z Markom pri njem na Tenerife. Zgodaj zjutraj se odpraviva na letali\u0161\u010de Dunaj. Spet sem pozen in ti\u0161\u010dim po gasu in verjetn bom spet dobil kak\u0161en radar za pla\u010dat. Vmes posku\u0161am rezervirari parking na letali\u0161\u010du a je vse rezervirano. Kot ponavadi me\u2026","rel":"","context":"In &quot;Gadget&quot;","block_context":{"text":"Gadget","link":"https:\/\/www.damjanveber.com\/index.php\/category\/gadget\/"},"img":{"alt_text":"","src":"https:\/\/i0.wp.com\/www.damjanveber.com\/wp-content\/uploads\/2022\/09\/C8D5DCD8-366E-4D4A-A2D0-DB404A9E241C-scaled.jpeg?fit=900%2C1200&ssl=1&resize=350%2C200","width":350,"height":200,"srcset":"https:\/\/i0.wp.com\/www.damjanveber.com\/wp-content\/uploads\/2022\/09\/C8D5DCD8-366E-4D4A-A2D0-DB404A9E241C-scaled.jpeg?fit=900%2C1200&ssl=1&resize=350%2C200 1x, https:\/\/i0.wp.com\/www.damjanveber.com\/wp-content\/uploads\/2022\/09\/C8D5DCD8-366E-4D4A-A2D0-DB404A9E241C-scaled.jpeg?fit=900%2C1200&ssl=1&resize=525%2C300 1.5x, https:\/\/i0.wp.com\/www.damjanveber.com\/wp-content\/uploads\/2022\/09\/C8D5DCD8-366E-4D4A-A2D0-DB404A9E241C-scaled.jpeg?fit=900%2C1200&ssl=1&resize=700%2C400 2x"},"classes":[]},{"id":382,"url":"https:\/\/www.damjanveber.com\/index.php\/2022\/11\/02\/presenecenje-za-rojstni-dan\/","url_meta":{"origin":658,"position":1},"title":"Presene\u010denje za rojstni dan","author":"admin","date":"2. novembra, 2022","format":false,"excerpt":"Zjutraj se odpravimo v Corralejo, kjer naj bi pogledali en \u010doln, ki se prodaja. \u010cakamo ve\u010d kot pol ure, majstra ki prodaja pa od nikoder. Dovolj imam, jaz se grem v lokal in spit en kafe. Z \u017eeno si privo\u0161\u010diva zame najbolj\u0161i kafe-Cafe leche leche, dobi se ga samo na\u2026","rel":"","context":"In &quot;Kar tako&quot;","block_context":{"text":"Kar tako","link":"https:\/\/www.damjanveber.com\/index.php\/category\/kar-tako\/"},"img":{"alt_text":"","src":"https:\/\/i0.wp.com\/www.damjanveber.com\/wp-content\/uploads\/2022\/11\/img_5858-scaled.jpg?fit=1200%2C900&ssl=1&resize=350%2C200","width":350,"height":200,"srcset":"https:\/\/i0.wp.com\/www.damjanveber.com\/wp-content\/uploads\/2022\/11\/img_5858-scaled.jpg?fit=1200%2C900&ssl=1&resize=350%2C200 1x, https:\/\/i0.wp.com\/www.damjanveber.com\/wp-content\/uploads\/2022\/11\/img_5858-scaled.jpg?fit=1200%2C900&ssl=1&resize=525%2C300 1.5x, https:\/\/i0.wp.com\/www.damjanveber.com\/wp-content\/uploads\/2022\/11\/img_5858-scaled.jpg?fit=1200%2C900&ssl=1&resize=700%2C400 2x, https:\/\/i0.wp.com\/www.damjanveber.com\/wp-content\/uploads\/2022\/11\/img_5858-scaled.jpg?fit=1200%2C900&ssl=1&resize=1050%2C600 3x"},"classes":[]},{"id":331,"url":"https:\/\/www.damjanveber.com\/index.php\/2022\/10\/21\/50letka\/","url_meta":{"origin":658,"position":2},"title":"50letka","author":"admin","date":"21. oktobra, 2022","format":false,"excerpt":"Spet sem \u0161el \u010dez svoje zdravje, kar ni OK. Danes pridejo sodelavci v Shambalo kaj fajnega pojest in preverit, \u010de sem res v Shambali. Zve\u010der me \u010daka pa \u0161e rojstni dan od kolega. Te\u017eka bo. Zjutraj se nafilam s tabletami in \u0161ibam v Shambalo. Pripravimo za prve goste TR, ki\u2026","rel":"","context":"In &quot;Kar tako&quot;","block_context":{"text":"Kar tako","link":"https:\/\/www.damjanveber.com\/index.php\/category\/kar-tako\/"},"img":{"alt_text":"","src":"https:\/\/i0.wp.com\/www.damjanveber.com\/wp-content\/uploads\/2022\/10\/TomazZnidaric50-104.jpg?fit=1200%2C800&ssl=1&resize=350%2C200","width":350,"height":200,"srcset":"https:\/\/i0.wp.com\/www.damjanveber.com\/wp-content\/uploads\/2022\/10\/TomazZnidaric50-104.jpg?fit=1200%2C800&ssl=1&resize=350%2C200 1x, https:\/\/i0.wp.com\/www.damjanveber.com\/wp-content\/uploads\/2022\/10\/TomazZnidaric50-104.jpg?fit=1200%2C800&ssl=1&resize=525%2C300 1.5x, https:\/\/i0.wp.com\/www.damjanveber.com\/wp-content\/uploads\/2022\/10\/TomazZnidaric50-104.jpg?fit=1200%2C800&ssl=1&resize=700%2C400 2x, https:\/\/i0.wp.com\/www.damjanveber.com\/wp-content\/uploads\/2022\/10\/TomazZnidaric50-104.jpg?fit=1200%2C800&ssl=1&resize=1050%2C600 3x"},"classes":[]},{"id":524,"url":"https:\/\/www.damjanveber.com\/index.php\/2022\/11\/28\/pizzerija-antika-grosuplje\/","url_meta":{"origin":658,"position":3},"title":"Pizzerija Antika Grosuplje","author":"admin","date":"28. novembra, 2022","format":false,"excerpt":"Danes ni dan za kuhanje, gremo raje nekam pojest kaj, nekaj novega. Na\u0161a Zala je imela na ob\u010dini Grosuplje nekaj dokumentov za uredit, pa gremo v najblji\u017ejo pizzerijo. Izka\u017ee se da smo zadeli, \u017ee dolgo nisem jedel tako dobre pizze. Tale na sliki je pizza mortadela z buffalo sirom, njami\u2026","rel":"","context":"In &quot;Gourmet&quot;","block_context":{"text":"Gourmet","link":"https:\/\/www.damjanveber.com\/index.php\/category\/gourmet\/"},"img":{"alt_text":"","src":"https:\/\/i0.wp.com\/www.damjanveber.com\/wp-content\/uploads\/2023\/10\/IMG_3042-scaled.jpg?fit=900%2C1200&ssl=1&resize=350%2C200","width":350,"height":200,"srcset":"https:\/\/i0.wp.com\/www.damjanveber.com\/wp-content\/uploads\/2023\/10\/IMG_3042-scaled.jpg?fit=900%2C1200&ssl=1&resize=350%2C200 1x, https:\/\/i0.wp.com\/www.damjanveber.com\/wp-content\/uploads\/2023\/10\/IMG_3042-scaled.jpg?fit=900%2C1200&ssl=1&resize=525%2C300 1.5x, https:\/\/i0.wp.com\/www.damjanveber.com\/wp-content\/uploads\/2023\/10\/IMG_3042-scaled.jpg?fit=900%2C1200&ssl=1&resize=700%2C400 2x"},"classes":[]},{"id":102,"url":"https:\/\/www.damjanveber.com\/index.php\/2022\/09\/20\/zrezki-v-marinadi\/","url_meta":{"origin":658,"position":4},"title":"Zrezki v marinadi","author":"admin","date":"20. septembra, 2022","format":false,"excerpt":"V Shambali se nau\u010dim dekoriram Izbor predjedi (za dve osebi). Doma pa pripravljam mariniran biftek. Za goste, ki bodo naslednji dan pri nas doma poskusim z dvema razli\u010dnima marinadama. Marinado skupaj z mesom zvakumiram, pa da vidimo katera je bolj\u0161a ? prva marinada: olivno olje. rozmarin, tumijan,,sol, poper, cesen druga\u2026","rel":"","context":"In &quot;Kar tako&quot;","block_context":{"text":"Kar tako","link":"https:\/\/www.damjanveber.com\/index.php\/category\/kar-tako\/"},"img":{"alt_text":"","src":"https:\/\/i0.wp.com\/www.damjanveber.com\/wp-content\/uploads\/2022\/09\/CCC97B54-BDCC-4E6B-85BE-7D5FF66E9F8B-scaled.jpeg?fit=900%2C1200&ssl=1&resize=350%2C200","width":350,"height":200,"srcset":"https:\/\/i0.wp.com\/www.damjanveber.com\/wp-content\/uploads\/2022\/09\/CCC97B54-BDCC-4E6B-85BE-7D5FF66E9F8B-scaled.jpeg?fit=900%2C1200&ssl=1&resize=350%2C200 1x, https:\/\/i0.wp.com\/www.damjanveber.com\/wp-content\/uploads\/2022\/09\/CCC97B54-BDCC-4E6B-85BE-7D5FF66E9F8B-scaled.jpeg?fit=900%2C1200&ssl=1&resize=525%2C300 1.5x, https:\/\/i0.wp.com\/www.damjanveber.com\/wp-content\/uploads\/2022\/09\/CCC97B54-BDCC-4E6B-85BE-7D5FF66E9F8B-scaled.jpeg?fit=900%2C1200&ssl=1&resize=700%2C400 2x"},"classes":[]},{"id":466,"url":"https:\/\/www.damjanveber.com\/index.php\/2022\/11\/24\/eset-dogodek-za-sponzorje\/","url_meta":{"origin":658,"position":5},"title":"Eset dogodek za sponzorje","author":"admin","date":"24. novembra, 2022","format":false,"excerpt":"Kot ponosni sponzor slovenske smu\u010darske reprezentance imamo tudi dogodke. V sklopu tega so tudi dogodki. Nazadnje sem rekel na\u0161emu organizatorju: \"Jo\u017eko z vsem spo\u0161tovanjem, ampak na pa\u0161tetke pa ne bom ve\u010d hodil\". Pa je rekel \"\u010duj, pa naslednje sre\u010danje naredimo pri vas\". Dogodek je bil namre\u010d v Droga Kolinska, kjer\u2026","rel":"","context":"In &quot;Kar tako&quot;","block_context":{"text":"Kar tako","link":"https:\/\/www.damjanveber.com\/index.php\/category\/kar-tako\/"},"img":{"alt_text":"","src":"https:\/\/i0.wp.com\/www.damjanveber.com\/wp-content\/uploads\/2022\/11\/IMG_6077-scaled.jpg?fit=900%2C1200&ssl=1&resize=350%2C200","width":350,"height":200,"srcset":"https:\/\/i0.wp.com\/www.damjanveber.com\/wp-content\/uploads\/2022\/11\/IMG_6077-scaled.jpg?fit=900%2C1200&ssl=1&resize=350%2C200 1x, https:\/\/i0.wp.com\/www.damjanveber.com\/wp-content\/uploads\/2022\/11\/IMG_6077-scaled.jpg?fit=900%2C1200&ssl=1&resize=525%2C300 1.5x, https:\/\/i0.wp.com\/www.damjanveber.com\/wp-content\/uploads\/2022\/11\/IMG_6077-scaled.jpg?fit=900%2C1200&ssl=1&resize=700%2C400 2x"},"classes":[]}],"jetpack_sharing_enabled":true,"_links":{"self":[{"href":"https:\/\/www.damjanveber.com\/index.php\/wp-json\/wp\/v2\/posts\/658","targetHints":{"allow":["GET"]}}],"collection":[{"href":"https:\/\/www.damjanveber.com\/index.php\/wp-json\/wp\/v2\/posts"}],"about":[{"href":"https:\/\/www.damjanveber.com\/index.php\/wp-json\/wp\/v2\/types\/post"}],"author":[{"embeddable":true,"href":"https:\/\/www.damjanveber.com\/index.php\/wp-json\/wp\/v2\/users\/1"}],"replies":[{"embeddable":true,"href":"https:\/\/www.damjanveber.com\/index.php\/wp-json\/wp\/v2\/comments?post=658"}],"version-history":[{"count":1,"href":"https:\/\/www.damjanveber.com\/index.php\/wp-json\/wp\/v2\/posts\/658\/revisions"}],"predecessor-version":[{"id":662,"href":"https:\/\/www.damjanveber.com\/index.php\/wp-json\/wp\/v2\/posts\/658\/revisions\/662"}],"wp:featuredmedia":[{"embeddable":true,"href":"https:\/\/www.damjanveber.com\/index.php\/wp-json\/wp\/v2\/media\/660"}],"wp:attachment":[{"href":"https:\/\/www.damjanveber.com\/index.php\/wp-json\/wp\/v2\/media?parent=658"}],"wp:term":[{"taxonomy":"category","embeddable":true,"href":"https:\/\/www.damjanveber.com\/index.php\/wp-json\/wp\/v2\/categories?post=658"},{"taxonomy":"post_tag","embeddable":true,"href":"https:\/\/www.damjanveber.com\/index.php\/wp-json\/wp\/v2\/tags?post=658"}],"curies":[{"name":"wp","href":"https:\/\/api.w.org\/{rel}","templated":true}]}}