{"id":88,"date":"2022-09-14T16:29:00","date_gmt":"2022-09-14T14:29:00","guid":{"rendered":"https:\/\/www.damjanveber.com\/?p=88"},"modified":"2023-10-18T20:19:44","modified_gmt":"2023-10-18T18:19:44","slug":"brusenje-nozev","status":"publish","type":"post","link":"https:\/\/www.damjanveber.com\/index.php\/2022\/09\/14\/brusenje-nozev\/","title":{"rendered":"Bru\u0161enje no\u017eev"},"content":{"rendered":"\n<p>Danes mi je Jo\u0161t pokazal kako se pripravi&nbsp; Pa Thai rezanci z gamberi, tofujem in pi\u0161\u010dancem. Svojo jed sem si prvi\u010d skuhal sam&nbsp; po njegovem receptu. Jed je okusna in hitro pripravljena.<\/p>\n\n\n\n<p>Popoldne gremo na te\u010daj bru\u0161anja no\u017eev v <a href=\"https:\/\/osterrob.si\" target=\"_blank\" rel=\"noopener\">Ostri Rob.<\/a> U\u010dencev nas je 15. Nau\u010dijo nas tehniko bru\u0161enja v 2. urah. Navdu\u0161en sem, s seboj sem prinesel 10 no\u017eev in vse sam nabrusil. Na te\u010daju mi je znan en kolega nasproti mene, ne vem kam ga dat, prilo\u017enosti za pogovor pa ne dobim. \u0160koda, pa drugi\u010d si re\u010dem. <\/p>\n","protected":false},"excerpt":{"rendered":"<p>Danes mi je Jo\u0161t pokazal kako se pripravi&nbsp; Pa Thai rezanci z gamberi, tofujem in pi\u0161\u010dancem. Svojo jed sem si prvi\u010d skuhal sam&nbsp; po njegovem receptu. Jed je okusna in hitro pripravljena. Popoldne gremo na te\u010daj bru\u0161anja no\u017eev v Ostri Rob. U\u010dencev nas je 15. Nau\u010dijo nas tehniko bru\u0161enja v 2. urah. Navdu\u0161en sem, s [&hellip;]<\/p>\n","protected":false},"author":1,"featured_media":130,"comment_status":"open","ping_status":"open","sticky":false,"template":"","format":"standard","meta":{"om_disable_all_campaigns":false,"_monsterinsights_skip_tracking":false,"_monsterinsights_sitenote_active":false,"_monsterinsights_sitenote_note":"","_monsterinsights_sitenote_category":0,"_jetpack_memberships_contains_paid_content":false,"footnotes":"","jetpack_publicize_message":"","jetpack_publicize_feature_enabled":true,"jetpack_social_post_already_shared":false,"jetpack_social_options":{"image_generator_settings":{"template":"highway","default_image_id":0,"enabled":false},"version":2}},"categories":[12],"tags":[],"class_list":["post-88","post","type-post","status-publish","format-standard","has-post-thumbnail","hentry","category-vredno-ogleda"],"aioseo_notices":[],"jetpack_publicize_connections":[],"jetpack_featured_media_url":"https:\/\/i0.wp.com\/www.damjanveber.com\/wp-content\/uploads\/2022\/09\/059EC5B6-0912-408A-9074-5ECB976FC06F-scaled.jpeg?fit=1920%2C2560&ssl=1","jetpack-related-posts":[{"id":77,"url":"https:\/\/www.damjanveber.com\/index.php\/2022\/09\/12\/prvi-dan-v-sluzbi\/","url_meta":{"origin":88,"position":0},"title":"Prvi dan v slu\u017ebi :)","author":"admin","date":"12. septembra, 2022","format":false,"excerpt":"Zjutraj ob 8.00 sem pri Shambali. Pred Shambalo nekaj snemajo. Kaj pa je zdaj to pomislim, kaj mi je \u017eena spet kaj na\u0161timala, upam, da to ne \u010dakajo name, za masterchef ka\u0161ne priprave ?!. Grem mimo in opazim, da snemajo reklamo za nekega glasbenika, vse ok. Pridem do Shambale, povsod\u2026","rel":"","context":"In &quot;Kar tako&quot;","block_context":{"text":"Kar tako","link":"https:\/\/www.damjanveber.com\/index.php\/category\/kar-tako\/"},"img":{"alt_text":"","src":"https:\/\/i0.wp.com\/www.damjanveber.com\/wp-content\/uploads\/2022\/10\/IMG_2272-scaled.jpg?fit=1200%2C900&ssl=1&resize=350%2C200","width":350,"height":200,"srcset":"https:\/\/i0.wp.com\/www.damjanveber.com\/wp-content\/uploads\/2022\/10\/IMG_2272-scaled.jpg?fit=1200%2C900&ssl=1&resize=350%2C200 1x, https:\/\/i0.wp.com\/www.damjanveber.com\/wp-content\/uploads\/2022\/10\/IMG_2272-scaled.jpg?fit=1200%2C900&ssl=1&resize=525%2C300 1.5x, https:\/\/i0.wp.com\/www.damjanveber.com\/wp-content\/uploads\/2022\/10\/IMG_2272-scaled.jpg?fit=1200%2C900&ssl=1&resize=700%2C400 2x, https:\/\/i0.wp.com\/www.damjanveber.com\/wp-content\/uploads\/2022\/10\/IMG_2272-scaled.jpg?fit=1200%2C900&ssl=1&resize=1050%2C600 3x"},"classes":[]},{"id":698,"url":"https:\/\/www.damjanveber.com\/index.php\/2023\/01\/04\/masterchef-projekt-zakljucen-lustn-je-blo\/","url_meta":{"origin":88,"position":1},"title":"Masterchef, projekt zaklju\u010den, lu\u0161tn je blo","author":"admin","date":"4. januarja, 2023","format":false,"excerpt":"In pri\u0161li smo do konca, sprejel sem odlo\u010ditev, NE bom se udele\u017eil Masterchef. Glavni razlog je to, da me kuhanje ni prijelo, rad kuham za prijatelje, predvsem Steake, da pa se bom u\u010dil kuhat torte ali potice mi pa ni. Vztrajal sem skoraj 4 mesece, kuhal razli\u010dne jedi in se\u2026","rel":"","context":"In &quot;Kar tako&quot;","block_context":{"text":"Kar tako","link":"https:\/\/www.damjanveber.com\/index.php\/category\/kar-tako\/"},"img":{"alt_text":"","src":"https:\/\/i0.wp.com\/www.damjanveber.com\/wp-content\/uploads\/2023\/10\/IMG_0173-scaled.jpg?fit=900%2C1200&ssl=1&resize=350%2C200","width":350,"height":200,"srcset":"https:\/\/i0.wp.com\/www.damjanveber.com\/wp-content\/uploads\/2023\/10\/IMG_0173-scaled.jpg?fit=900%2C1200&ssl=1&resize=350%2C200 1x, https:\/\/i0.wp.com\/www.damjanveber.com\/wp-content\/uploads\/2023\/10\/IMG_0173-scaled.jpg?fit=900%2C1200&ssl=1&resize=525%2C300 1.5x, https:\/\/i0.wp.com\/www.damjanveber.com\/wp-content\/uploads\/2023\/10\/IMG_0173-scaled.jpg?fit=900%2C1200&ssl=1&resize=700%2C400 2x"},"classes":[]},{"id":90,"url":"https:\/\/www.damjanveber.com\/index.php\/2022\/09\/15\/v-sluzbi-nova-ekipa\/","url_meta":{"origin":88,"position":2},"title":"V slu\u017ebi nova ekipa","author":"admin","date":"15. septembra, 2022","format":false,"excerpt":"Danes sem v slu\u017ebi z novo ekipo. \u017de takoj me \u010daka presene\u010denje, Sanja, ki pripravlja hladne jedi je nastrojena. Vse kar pove zveni kot ukaz oz. v normalnem kolektivu se danes to imenuje mobing. Pa spet i\u0161\u010dem krompir po restavraciji in ga ne najdem. Ko pridem praznih rok mi zabrusi:\u2026","rel":"","context":"In &quot;Kar tako&quot;","block_context":{"text":"Kar tako","link":"https:\/\/www.damjanveber.com\/index.php\/category\/kar-tako\/"},"img":{"alt_text":"","src":"https:\/\/i0.wp.com\/www.damjanveber.com\/wp-content\/uploads\/2022\/09\/CA4AC213-D726-4EB2-A020-A32DDEA45F8A-scaled.jpeg?fit=900%2C1200&ssl=1&resize=350%2C200","width":350,"height":200,"srcset":"https:\/\/i0.wp.com\/www.damjanveber.com\/wp-content\/uploads\/2022\/09\/CA4AC213-D726-4EB2-A020-A32DDEA45F8A-scaled.jpeg?fit=900%2C1200&ssl=1&resize=350%2C200 1x, https:\/\/i0.wp.com\/www.damjanveber.com\/wp-content\/uploads\/2022\/09\/CA4AC213-D726-4EB2-A020-A32DDEA45F8A-scaled.jpeg?fit=900%2C1200&ssl=1&resize=525%2C300 1.5x, https:\/\/i0.wp.com\/www.damjanveber.com\/wp-content\/uploads\/2022\/09\/CA4AC213-D726-4EB2-A020-A32DDEA45F8A-scaled.jpeg?fit=900%2C1200&ssl=1&resize=700%2C400 2x"},"classes":[]},{"id":480,"url":"https:\/\/www.damjanveber.com\/index.php\/2022\/11\/25\/team-building-pri-binetu-volcicu\/","url_meta":{"origin":88,"position":3},"title":"Team-building pri Binetu Vol\u010di\u010du","author":"admin","date":"25. novembra, 2022","format":false,"excerpt":"Danes imamo team-building na Gori\u010dkem. Tam ima po tanovem Bine svojo rezidenco in kjer bo svoje izku\u0161nje delil takim gurmanom kot smo mi. Seveda se prepustimo vsem njegovim dobrotam, mi pa pomagamo v kuhinji. Glavna jed je postrv, pe\u010dena v kru\u0161ni pe\u010di, slastno!","rel":"","context":"In &quot;Gourmet&quot;","block_context":{"text":"Gourmet","link":"https:\/\/www.damjanveber.com\/index.php\/category\/gourmet\/"},"img":{"alt_text":"","src":"https:\/\/i0.wp.com\/www.damjanveber.com\/wp-content\/uploads\/2023\/10\/IMG_2985-scaled.jpg?fit=900%2C1200&ssl=1&resize=350%2C200","width":350,"height":200,"srcset":"https:\/\/i0.wp.com\/www.damjanveber.com\/wp-content\/uploads\/2023\/10\/IMG_2985-scaled.jpg?fit=900%2C1200&ssl=1&resize=350%2C200 1x, https:\/\/i0.wp.com\/www.damjanveber.com\/wp-content\/uploads\/2023\/10\/IMG_2985-scaled.jpg?fit=900%2C1200&ssl=1&resize=525%2C300 1.5x, https:\/\/i0.wp.com\/www.damjanveber.com\/wp-content\/uploads\/2023\/10\/IMG_2985-scaled.jpg?fit=900%2C1200&ssl=1&resize=700%2C400 2x"},"classes":[]},{"id":642,"url":"https:\/\/www.damjanveber.com\/index.php\/2022\/12\/25\/prvi-barcek-v-tokyo\/","url_meta":{"origin":88,"position":4},"title":"Prvi bar\u010dek v Tokyo","author":"admin","date":"25. decembra, 2022","format":false,"excerpt":"Tu v Tokyo je pa res vse stisnjen, pa maske skoz nosijo. Edino v baru lahk za \u0161ankom pije\u0161 ali je\u0111 brez maske. V prvem baru vrtijo posnetke iz Planice, tu je Noriaki Kasai nr. 1 in skoki so na prvem mestu pri \u0161portu. Hitr se med lokalce aklimatiziramo, angle\u0161ko\u2026","rel":"","context":"In &quot;Kar tako&quot;","block_context":{"text":"Kar tako","link":"https:\/\/www.damjanveber.com\/index.php\/category\/kar-tako\/"},"img":{"alt_text":"","src":"https:\/\/i0.wp.com\/www.damjanveber.com\/wp-content\/uploads\/2023\/10\/IMG_0115-scaled.jpg?fit=1200%2C900&ssl=1&resize=350%2C200","width":350,"height":200,"srcset":"https:\/\/i0.wp.com\/www.damjanveber.com\/wp-content\/uploads\/2023\/10\/IMG_0115-scaled.jpg?fit=1200%2C900&ssl=1&resize=350%2C200 1x, https:\/\/i0.wp.com\/www.damjanveber.com\/wp-content\/uploads\/2023\/10\/IMG_0115-scaled.jpg?fit=1200%2C900&ssl=1&resize=525%2C300 1.5x, https:\/\/i0.wp.com\/www.damjanveber.com\/wp-content\/uploads\/2023\/10\/IMG_0115-scaled.jpg?fit=1200%2C900&ssl=1&resize=700%2C400 2x, https:\/\/i0.wp.com\/www.damjanveber.com\/wp-content\/uploads\/2023\/10\/IMG_0115-scaled.jpg?fit=1200%2C900&ssl=1&resize=1050%2C600 3x"},"classes":[]},{"id":387,"url":"https:\/\/www.damjanveber.com\/index.php\/2022\/11\/03\/bicikliranje-s-kranjcem\/","url_meta":{"origin":88,"position":5},"title":"Bicikliranje s Kranjcem","author":"admin","date":"3. novembra, 2022","format":false,"excerpt":"A pozna\u0161 ob\u010dutek, ko si utrujen k norc, ta drugi pa zraven bolj zeha? Tak je bilo, ko se odpravim na kolo z Robijem. To je tista razlika, ko je bil nekdo 30let v profesionalnem \u0161portu, drug pa sam v biznisu. Zjutraj se odpraviva na kolo, jaz sem ves \u010das\u2026","rel":"","context":"In &quot;Kar tako&quot;","block_context":{"text":"Kar tako","link":"https:\/\/www.damjanveber.com\/index.php\/category\/kar-tako\/"},"img":{"alt_text":"","src":"https:\/\/i0.wp.com\/www.damjanveber.com\/wp-content\/uploads\/2022\/11\/img_2718-scaled.jpg?fit=1200%2C900&ssl=1&resize=350%2C200","width":350,"height":200,"srcset":"https:\/\/i0.wp.com\/www.damjanveber.com\/wp-content\/uploads\/2022\/11\/img_2718-scaled.jpg?fit=1200%2C900&ssl=1&resize=350%2C200 1x, https:\/\/i0.wp.com\/www.damjanveber.com\/wp-content\/uploads\/2022\/11\/img_2718-scaled.jpg?fit=1200%2C900&ssl=1&resize=525%2C300 1.5x, https:\/\/i0.wp.com\/www.damjanveber.com\/wp-content\/uploads\/2022\/11\/img_2718-scaled.jpg?fit=1200%2C900&ssl=1&resize=700%2C400 2x, https:\/\/i0.wp.com\/www.damjanveber.com\/wp-content\/uploads\/2022\/11\/img_2718-scaled.jpg?fit=1200%2C900&ssl=1&resize=1050%2C600 3x"},"classes":[]}],"jetpack_sharing_enabled":true,"_links":{"self":[{"href":"https:\/\/www.damjanveber.com\/index.php\/wp-json\/wp\/v2\/posts\/88","targetHints":{"allow":["GET"]}}],"collection":[{"href":"https:\/\/www.damjanveber.com\/index.php\/wp-json\/wp\/v2\/posts"}],"about":[{"href":"https:\/\/www.damjanveber.com\/index.php\/wp-json\/wp\/v2\/types\/post"}],"author":[{"embeddable":true,"href":"https:\/\/www.damjanveber.com\/index.php\/wp-json\/wp\/v2\/users\/1"}],"replies":[{"embeddable":true,"href":"https:\/\/www.damjanveber.com\/index.php\/wp-json\/wp\/v2\/comments?post=88"}],"version-history":[{"count":2,"href":"https:\/\/www.damjanveber.com\/index.php\/wp-json\/wp\/v2\/posts\/88\/revisions"}],"predecessor-version":[{"id":132,"href":"https:\/\/www.damjanveber.com\/index.php\/wp-json\/wp\/v2\/posts\/88\/revisions\/132"}],"wp:featuredmedia":[{"embeddable":true,"href":"https:\/\/www.damjanveber.com\/index.php\/wp-json\/wp\/v2\/media\/130"}],"wp:attachment":[{"href":"https:\/\/www.damjanveber.com\/index.php\/wp-json\/wp\/v2\/media?parent=88"}],"wp:term":[{"taxonomy":"category","embeddable":true,"href":"https:\/\/www.damjanveber.com\/index.php\/wp-json\/wp\/v2\/categories?post=88"},{"taxonomy":"post_tag","embeddable":true,"href":"https:\/\/www.damjanveber.com\/index.php\/wp-json\/wp\/v2\/tags?post=88"}],"curies":[{"name":"wp","href":"https:\/\/api.w.org\/{rel}","templated":true}]}}