{"id":92,"date":"2022-09-16T16:44:00","date_gmt":"2022-09-16T14:44:00","guid":{"rendered":"https:\/\/www.damjanveber.com\/?p=92"},"modified":"2023-10-18T20:20:01","modified_gmt":"2023-10-18T18:20:01","slug":"92","status":"publish","type":"post","link":"https:\/\/www.damjanveber.com\/index.php\/2022\/09\/16\/92\/","title":{"rendered":"\u017durka, prjatu ima 40"},"content":{"rendered":"\n<p>Ne vem, \u010de bi sploh \u0161el v slu\u017ebo. Sploh nisem ni\u010d spal, tale Sanja me razjeda.&nbsp; Razmi\u0161ljam in se nazadnje odlo\u010dim, NE, ne bom vrgel pu\u0161ke v koruzo tako hitro. Pripravim se scenarij kaj ji bom povedal, ko me naslednju\u010d napade.&nbsp;<\/p>\n\n\n\n<p>V slu\u017ebi jo ignoriram in delam svojo delo. Obrnem se na \u0161efa kuhinja Darka, ki mi daje delo. Nau\u010di me, kako se \u010disti lososa in brancina.&nbsp;<\/p>\n\n\n\n<p>\u010ci\u0161\u010denje lososa: ribi temeljito posu\u0161im. Z no\u017eem grem proti ko\u0161\u010dicam, da se dvignejo. S \u0161\u010dipalcem dajem ven eno po eno ko\u0161\u010dico. Cel losos ima pribli\u017eno 24 ko\u0161\u010dic. Ob spodnjem delu jo pribli\u017eno centimeter prere\u017eem, ker ima preve\u010d ma\u0161\u010dobe.<\/p>\n\n\n\n<p>Za kosilo si pripravim zelenjavo z Woka.<\/p>\n\n\n\n<p>Po prihodu domov sledi Siesta. Z \u017eeno se zve\u010der odpraviva na 40letnico od prijatelja. To bo ponovno te\u017eka preizku\u0161nja, saj je moj 28. dan brez alkohola. \u0160e 12 to go. Na zabavi me \u017eena predstavi kot bodo\u010dega Master-chefa, ki dela v Shambali od 8.-16. ure.&nbsp; Izpadem kot car, saj kaj tak\u0161nega \u0161e niso sli\u0161ali, da si nekdo da tak izziv in na koncu \u0161e dobrodelno deli.&nbsp;<\/p>\n\n\n\n<p>\u017durka je top, pri\u010dne Samuel Lukas, ki v \u017eivo z bendom igra vse \u017eive komade, ki so tabul za plesat na odru. Hrana je okusna, poleg \u010devapov so tudi pravi steaki in rebrca. Po Samuelu sledi DJ Silvano, se ga spomnite? V mojih mladih letih je vrtel glasbo DJ time-back in time. No, \u0161e zdaj jo vrti, tako se da vrne\u0161 v \u010das 90. let. Odli\u010dno je izpadlo vse skupaj, tako da se ob 2. uri zjutraj odpravimo proti domu. Nazaj vozim jaz, saj sem eden redkih, ki ni pil alkohola, juheej karakter pa imam \ud83d\ude42<\/p>\n","protected":false},"excerpt":{"rendered":"<p>Ne vem, \u010de bi sploh \u0161el v slu\u017ebo. Sploh nisem ni\u010d spal, tale Sanja me razjeda.&nbsp; Razmi\u0161ljam in se nazadnje odlo\u010dim, NE, ne bom vrgel pu\u0161ke v koruzo tako hitro. Pripravim se scenarij kaj ji bom povedal, ko me naslednju\u010d napade.&nbsp; V slu\u017ebi jo ignoriram in delam svojo delo. Obrnem se na \u0161efa kuhinja Darka, [&hellip;]<\/p>\n","protected":false},"author":1,"featured_media":136,"comment_status":"open","ping_status":"open","sticky":false,"template":"","format":"standard","meta":{"om_disable_all_campaigns":false,"_monsterinsights_skip_tracking":false,"_monsterinsights_sitenote_active":false,"_monsterinsights_sitenote_note":"","_monsterinsights_sitenote_category":0,"_jetpack_memberships_contains_paid_content":false,"footnotes":"","jetpack_publicize_message":"","jetpack_publicize_feature_enabled":true,"jetpack_social_post_already_shared":false,"jetpack_social_options":{"image_generator_settings":{"template":"highway","default_image_id":0,"enabled":false},"version":2}},"categories":[1],"tags":[],"class_list":["post-92","post","type-post","status-publish","format-standard","has-post-thumbnail","hentry","category-kar-tako"],"aioseo_notices":[],"jetpack_publicize_connections":[],"jetpack_featured_media_url":"https:\/\/i0.wp.com\/www.damjanveber.com\/wp-content\/uploads\/2022\/09\/47A77F4B-4A37-494C-95FA-F4A30FBF3562-scaled.jpeg?fit=1920%2C2560&ssl=1","jetpack-related-posts":[{"id":11,"url":"https:\/\/www.damjanveber.com\/index.php\/2022\/09\/09\/petek-22-9-2022\/","url_meta":{"origin":92,"position":0},"title":"Prvi razgovor za delo v kuhinji","author":"admin","date":"9. septembra, 2022","format":false,"excerpt":"Za za\u010detek se odlo\u010dim, da bom pomagal v kuhinji, kjer bi delal pro-bomo in s tem nabiral izku\u0161nje v kuhinji. Ob 15.00 uri imam \u017ee prvi razgovor v Shambali. To je azijska restavracija, katere lastnik je moj prijatelj Denis. Skupaj z \u017eeno se odpraviva v center Ljubljane. Na sestanku nas\u2026","rel":"","context":"In &quot;Kar tako&quot;","block_context":{"text":"Kar tako","link":"https:\/\/www.damjanveber.com\/index.php\/category\/kar-tako\/"},"img":{"alt_text":"","src":"https:\/\/i0.wp.com\/www.damjanveber.com\/wp-content\/uploads\/2022\/09\/62663B11-CAE4-4C81-91DD-69875E2D0A8E-scaled.jpeg?fit=900%2C1200&ssl=1&resize=350%2C200","width":350,"height":200,"srcset":"https:\/\/i0.wp.com\/www.damjanveber.com\/wp-content\/uploads\/2022\/09\/62663B11-CAE4-4C81-91DD-69875E2D0A8E-scaled.jpeg?fit=900%2C1200&ssl=1&resize=350%2C200 1x, https:\/\/i0.wp.com\/www.damjanveber.com\/wp-content\/uploads\/2022\/09\/62663B11-CAE4-4C81-91DD-69875E2D0A8E-scaled.jpeg?fit=900%2C1200&ssl=1&resize=525%2C300 1.5x, https:\/\/i0.wp.com\/www.damjanveber.com\/wp-content\/uploads\/2022\/09\/62663B11-CAE4-4C81-91DD-69875E2D0A8E-scaled.jpeg?fit=900%2C1200&ssl=1&resize=700%2C400 2x"},"classes":[]},{"id":328,"url":"https:\/\/www.damjanveber.com\/index.php\/2022\/10\/20\/ingver-juha-za-odpornost\/","url_meta":{"origin":92,"position":1},"title":"Ingver juha za odpornost","author":"admin","date":"20. oktobra, 2022","format":false,"excerpt":"Drugi dan le\u017eanja v postelji. Da bi hitrej k seb pri\u0161u pri\u010dnem s tableti Coldrex. Pripravim pa si tudi Ingver juhco za odpornost po receptu iz Okusno.je. Tako je dobra, da jo bom \u0161e kdaj pripravil namesto klasi\u010dne goveje \u017eupe. Spominja me na na\u0161 kari iz Shambale, ker vsebuje kokosovo\u2026","rel":"","context":"In &quot;Kar tako&quot;","block_context":{"text":"Kar tako","link":"https:\/\/www.damjanveber.com\/index.php\/category\/kar-tako\/"},"img":{"alt_text":"","src":"https:\/\/i0.wp.com\/www.damjanveber.com\/wp-content\/uploads\/2022\/10\/img_2663.jpg?fit=650%2C520&ssl=1&resize=350%2C200","width":350,"height":200,"srcset":"https:\/\/i0.wp.com\/www.damjanveber.com\/wp-content\/uploads\/2022\/10\/img_2663.jpg?fit=650%2C520&ssl=1&resize=350%2C200 1x, https:\/\/i0.wp.com\/www.damjanveber.com\/wp-content\/uploads\/2022\/10\/img_2663.jpg?fit=650%2C520&ssl=1&resize=525%2C300 1.5x"},"classes":[]},{"id":426,"url":"https:\/\/www.damjanveber.com\/index.php\/2022\/11\/13\/nedelja-tim-ima-tekmo\/","url_meta":{"origin":92,"position":2},"title":"Nedelja, Tim ima tekmo","author":"admin","date":"13. novembra, 2022","format":false,"excerpt":"Vsako nedeljo Tim igra tekmo. Glede na to, da so kanarci razdeljeni na ve\u010d otokov, igrajo razli\u010dno po otokih. Tokrat igrajo na otoku La Gomera. Razmi\u0161ljam, da bi \u0161el pogledat. Gledam povezate in ugotovim, da bi moral prestopat, najprej Fuerteventura-Tenerife, potlej pa \u0161e Tenerife-La Gomera. To bo preve\u010d \u010dasa, v\u2026","rel":"","context":"In &quot;Kar tako&quot;","block_context":{"text":"Kar tako","link":"https:\/\/www.damjanveber.com\/index.php\/category\/kar-tako\/"},"img":{"alt_text":"","src":"https:\/\/i0.wp.com\/www.damjanveber.com\/wp-content\/uploads\/2022\/11\/IMG_2838.jpg?fit=1200%2C554&ssl=1&resize=350%2C200","width":350,"height":200,"srcset":"https:\/\/i0.wp.com\/www.damjanveber.com\/wp-content\/uploads\/2022\/11\/IMG_2838.jpg?fit=1200%2C554&ssl=1&resize=350%2C200 1x, https:\/\/i0.wp.com\/www.damjanveber.com\/wp-content\/uploads\/2022\/11\/IMG_2838.jpg?fit=1200%2C554&ssl=1&resize=525%2C300 1.5x, https:\/\/i0.wp.com\/www.damjanveber.com\/wp-content\/uploads\/2022\/11\/IMG_2838.jpg?fit=1200%2C554&ssl=1&resize=700%2C400 2x, https:\/\/i0.wp.com\/www.damjanveber.com\/wp-content\/uploads\/2022\/11\/IMG_2838.jpg?fit=1200%2C554&ssl=1&resize=1050%2C600 3x"},"classes":[]},{"id":448,"url":"https:\/\/www.damjanveber.com\/index.php\/2022\/11\/19\/jastog-s-testeninami\/","url_meta":{"origin":92,"position":3},"title":"Jastog s testeninami","author":"admin","date":"19. novembra, 2022","format":false,"excerpt":"Danes bom za ve\u010derjo pripravil jastoga s testeninami. V Dino marketu imajo \u017eive v bazenu. Malce mi je nerodno, ker bo potrebno \u017eival ubiti, sam tako je. V marketu si ga dobesedno izbere\u0161 iz bazena, zapakirajo ti ga \u017eivega kar v folijo. Doma pripravim jastoga po slede\u010dem receptu: Jastoga najprej\u2026","rel":"","context":"In &quot;Recept po doma\u010d&quot;","block_context":{"text":"Recept po doma\u010d","link":"https:\/\/www.damjanveber.com\/index.php\/category\/recept-po-domac\/"},"img":{"alt_text":"","src":"https:\/\/i0.wp.com\/www.damjanveber.com\/wp-content\/uploads\/2022\/11\/IMG_2935-2-scaled.jpg?fit=900%2C1200&ssl=1&resize=350%2C200","width":350,"height":200,"srcset":"https:\/\/i0.wp.com\/www.damjanveber.com\/wp-content\/uploads\/2022\/11\/IMG_2935-2-scaled.jpg?fit=900%2C1200&ssl=1&resize=350%2C200 1x, https:\/\/i0.wp.com\/www.damjanveber.com\/wp-content\/uploads\/2022\/11\/IMG_2935-2-scaled.jpg?fit=900%2C1200&ssl=1&resize=525%2C300 1.5x, https:\/\/i0.wp.com\/www.damjanveber.com\/wp-content\/uploads\/2022\/11\/IMG_2935-2-scaled.jpg?fit=900%2C1200&ssl=1&resize=700%2C400 2x"},"classes":[]},{"id":355,"url":"https:\/\/www.damjanveber.com\/index.php\/2022\/10\/26\/pa-sem-nazaj\/","url_meta":{"origin":92,"position":4},"title":"Pa sem nazaj","author":"admin","date":"26. oktobra, 2022","format":false,"excerpt":"Zve\u010der imava z \u017eeno ve\u010derjo. Pripravim ji file brancina s pirejem od koren\u010dka, \u010debule, \u010desna in \u0161e vrsto drugih zeli\u0161\u010d. Na njeno pobudo dodam \u0161e zeleni kari iz vre\u010dke..in to me je pokopalo. Pire je bil tak pikanten, da sem celo no\u010d na sekret hodu. Druga\u010de pa sva se pogovarjala\u2026","rel":"","context":"In &quot;Kar tako&quot;","block_context":{"text":"Kar tako","link":"https:\/\/www.damjanveber.com\/index.php\/category\/kar-tako\/"},"img":{"alt_text":"","src":"https:\/\/i0.wp.com\/www.damjanveber.com\/wp-content\/uploads\/2022\/10\/img_2682-scaled.jpg?fit=900%2C1200&ssl=1&resize=350%2C200","width":350,"height":200,"srcset":"https:\/\/i0.wp.com\/www.damjanveber.com\/wp-content\/uploads\/2022\/10\/img_2682-scaled.jpg?fit=900%2C1200&ssl=1&resize=350%2C200 1x, https:\/\/i0.wp.com\/www.damjanveber.com\/wp-content\/uploads\/2022\/10\/img_2682-scaled.jpg?fit=900%2C1200&ssl=1&resize=525%2C300 1.5x, https:\/\/i0.wp.com\/www.damjanveber.com\/wp-content\/uploads\/2022\/10\/img_2682-scaled.jpg?fit=900%2C1200&ssl=1&resize=700%2C400 2x"},"classes":[]},{"id":382,"url":"https:\/\/www.damjanveber.com\/index.php\/2022\/11\/02\/presenecenje-za-rojstni-dan\/","url_meta":{"origin":92,"position":5},"title":"Presene\u010denje za rojstni dan","author":"admin","date":"2. novembra, 2022","format":false,"excerpt":"Zjutraj se odpravimo v Corralejo, kjer naj bi pogledali en \u010doln, ki se prodaja. \u010cakamo ve\u010d kot pol ure, majstra ki prodaja pa od nikoder. Dovolj imam, jaz se grem v lokal in spit en kafe. Z \u017eeno si privo\u0161\u010diva zame najbolj\u0161i kafe-Cafe leche leche, dobi se ga samo na\u2026","rel":"","context":"In &quot;Kar tako&quot;","block_context":{"text":"Kar tako","link":"https:\/\/www.damjanveber.com\/index.php\/category\/kar-tako\/"},"img":{"alt_text":"","src":"https:\/\/i0.wp.com\/www.damjanveber.com\/wp-content\/uploads\/2022\/11\/img_5858-scaled.jpg?fit=1200%2C900&ssl=1&resize=350%2C200","width":350,"height":200,"srcset":"https:\/\/i0.wp.com\/www.damjanveber.com\/wp-content\/uploads\/2022\/11\/img_5858-scaled.jpg?fit=1200%2C900&ssl=1&resize=350%2C200 1x, https:\/\/i0.wp.com\/www.damjanveber.com\/wp-content\/uploads\/2022\/11\/img_5858-scaled.jpg?fit=1200%2C900&ssl=1&resize=525%2C300 1.5x, https:\/\/i0.wp.com\/www.damjanveber.com\/wp-content\/uploads\/2022\/11\/img_5858-scaled.jpg?fit=1200%2C900&ssl=1&resize=700%2C400 2x, https:\/\/i0.wp.com\/www.damjanveber.com\/wp-content\/uploads\/2022\/11\/img_5858-scaled.jpg?fit=1200%2C900&ssl=1&resize=1050%2C600 3x"},"classes":[]}],"jetpack_sharing_enabled":true,"_links":{"self":[{"href":"https:\/\/www.damjanveber.com\/index.php\/wp-json\/wp\/v2\/posts\/92","targetHints":{"allow":["GET"]}}],"collection":[{"href":"https:\/\/www.damjanveber.com\/index.php\/wp-json\/wp\/v2\/posts"}],"about":[{"href":"https:\/\/www.damjanveber.com\/index.php\/wp-json\/wp\/v2\/types\/post"}],"author":[{"embeddable":true,"href":"https:\/\/www.damjanveber.com\/index.php\/wp-json\/wp\/v2\/users\/1"}],"replies":[{"embeddable":true,"href":"https:\/\/www.damjanveber.com\/index.php\/wp-json\/wp\/v2\/comments?post=92"}],"version-history":[{"count":3,"href":"https:\/\/www.damjanveber.com\/index.php\/wp-json\/wp\/v2\/posts\/92\/revisions"}],"predecessor-version":[{"id":137,"href":"https:\/\/www.damjanveber.com\/index.php\/wp-json\/wp\/v2\/posts\/92\/revisions\/137"}],"wp:featuredmedia":[{"embeddable":true,"href":"https:\/\/www.damjanveber.com\/index.php\/wp-json\/wp\/v2\/media\/136"}],"wp:attachment":[{"href":"https:\/\/www.damjanveber.com\/index.php\/wp-json\/wp\/v2\/media?parent=92"}],"wp:term":[{"taxonomy":"category","embeddable":true,"href":"https:\/\/www.damjanveber.com\/index.php\/wp-json\/wp\/v2\/categories?post=92"},{"taxonomy":"post_tag","embeddable":true,"href":"https:\/\/www.damjanveber.com\/index.php\/wp-json\/wp\/v2\/tags?post=92"}],"curies":[{"name":"wp","href":"https:\/\/api.w.org\/{rel}","templated":true}]}}